{"id":6380,"date":"2026-01-29T11:09:02","date_gmt":"2026-01-29T09:09:02","guid":{"rendered":"https:\/\/www.anofm.ro\/olt\/?p=6380"},"modified":"2026-01-29T11:09:02","modified_gmt":"2026-01-29T09:09:02","slug":"comunicat-de-presa-3-programe-de-formare-profesionala-vor-incepe-in-luna-februarie-2026-la-nivel-judetean","status":"publish","type":"post","link":"https:\/\/www.anofm.ro\/olt\/comunicat-de-presa-3-programe-de-formare-profesionala-vor-incepe-in-luna-februarie-2026-la-nivel-judetean\/","title":{"rendered":"comunicat de presa &#8211; 3 programe de formare profesional\u0103 vor \u00eencepe \u00een luna februarie 2026, la nivel jude\u0163ean"},"content":{"rendered":"\n<div data-wp-interactive=\"core\/file\" class=\"wp-block-file\"><object data-wp-bind--hidden=\"!state.hasPdfPreview\" hidden class=\"wp-block-file__embed\" data=\"https:\/\/www.anofm.ro\/olt\/wp-content\/uploads\/sites\/32\/2026\/01\/comunicat-de-presa-3-programe-de-formare-profesionala-vor-incepe-in-luna-februarie-2026-la-nivel-judetean.pdf\" type=\"application\/pdf\" style=\"width:100%;height:600px\" aria-label=\"\u00cenglobare pentru comunicat de presa - 3 programe de formare profesional\u0103 vor \u00eencepe \u00een luna februarie  2026, la nivel jude\u0163ean.\"><\/object><a id=\"wp-block-file--media-1aeab226-7ebc-4c84-a7ab-ba62d21b4e7c\" href=\"https:\/\/www.anofm.ro\/olt\/wp-content\/uploads\/sites\/32\/2026\/01\/comunicat-de-presa-3-programe-de-formare-profesionala-vor-incepe-in-luna-februarie-2026-la-nivel-judetean.pdf\">comunicat de presa &#8211; 3 programe de formare profesional\u0103 vor \u00eencepe \u00een luna februarie  2026, la nivel jude\u0163ean<\/a><a href=\"https:\/\/www.anofm.ro\/olt\/wp-content\/uploads\/sites\/32\/2026\/01\/comunicat-de-presa-3-programe-de-formare-profesionala-vor-incepe-in-luna-februarie-2026-la-nivel-judetean.pdf\" class=\"wp-block-file__button wp-element-button\" download aria-describedby=\"wp-block-file--media-1aeab226-7ebc-4c84-a7ab-ba62d21b4e7c\">Descarc\u0103<\/a><\/div>\n","protected":false},"excerpt":{"rendered":"<p>3 programe de formare profesional\u0103 vor \u00eencepe \u00een luna februarie  2026, la nivel jude\u0163ean<\/p>\n","protected":false},"author":158,"featured_media":6381,"comment_status":"closed","ping_status":"closed","sticky":false,"template":"","format":"standard","meta":{"footnotes":""},"categories":[9],"tags":[],"class_list":["post-6380","post","type-post","status-publish","format-standard","has-post-thumbnail","hentry","category-comunicate-de-presa"],"_links":{"self":[{"href":"https:\/\/www.anofm.ro\/olt\/wp-json\/wp\/v2\/posts\/6380","targetHints":{"allow":["GET"]}}],"collection":[{"href":"https:\/\/www.anofm.ro\/olt\/wp-json\/wp\/v2\/posts"}],"about":[{"href":"https:\/\/www.anofm.ro\/olt\/wp-json\/wp\/v2\/types\/post"}],"author":[{"embeddable":true,"href":"https:\/\/www.anofm.ro\/olt\/wp-json\/wp\/v2\/users\/158"}],"replies":[{"embeddable":true,"href":"https:\/\/www.anofm.ro\/olt\/wp-json\/wp\/v2\/comments?post=6380"}],"version-history":[{"count":1,"href":"https:\/\/www.anofm.ro\/olt\/wp-json\/wp\/v2\/posts\/6380\/revisions"}],"predecessor-version":[{"id":6383,"href":"https:\/\/www.anofm.ro\/olt\/wp-json\/wp\/v2\/posts\/6380\/revisions\/6383"}],"wp:featuredmedia":[{"embeddable":true,"href":"https:\/\/www.anofm.ro\/olt\/wp-json\/wp\/v2\/media\/6381"}],"wp:attachment":[{"href":"https:\/\/www.anofm.ro\/olt\/wp-json\/wp\/v2\/media?parent=6380"}],"wp:term":[{"taxonomy":"category","embeddable":true,"href":"https:\/\/www.anofm.ro\/olt\/wp-json\/wp\/v2\/categories?post=6380"},{"taxonomy":"post_tag","embeddable":true,"href":"https:\/\/www.anofm.ro\/olt\/wp-json\/wp\/v2\/tags?post=6380"}],"curies":[{"name":"wp","href":"https:\/\/api.w.org\/{rel}","templated":true}]}}