{"id":62,"date":"2019-07-31T00:00:00","date_gmt":"2019-07-30T21:00:00","guid":{"rendered":"https:\/\/www.anofm.ro\/olt\/4-programe-de-formare-profesionala-vor-incepe-in-luna-august-2019-la-nivel-judetean\/"},"modified":"2019-07-31T00:00:00","modified_gmt":"2019-07-30T21:00:00","slug":"4-programe-de-formare-profesionala-vor-incepe-in-luna-august-2019-la-nivel-judetean","status":"publish","type":"post","link":"https:\/\/www.anofm.ro\/olt\/4-programe-de-formare-profesionala-vor-incepe-in-luna-august-2019-la-nivel-judetean\/","title":{"rendered":"4 programe de formare profesional\u0103 vor \u00eencepe \u00een luna august 2019, la nivel jude\u0163ean"},"content":{"rendered":"<p>4 programe de formare profesional\u0103 vor \u00eencepe \u00een luna august 2019, la nivel jude\u0163ean<\/p>\n<p><a href=\"\/upload\/7785\/4_programe_de_formare_profesional%C4%83_vor_%C3%AEncepe_%C3%AEn_luna_august_la_nivel_jude%C5%A3ean.pdf\">4_programe_de_formare_profesional\u0103_vor_\u00eencepe_\u00een_luna_august_la_nivel_jude\u0163ean.pdf<\/a> <\/p>\n","protected":false},"excerpt":{"rendered":"<p>4 programe de formare profesional\u0103 vor \u00eencepe \u00een luna august 2019, la nivel jude\u0163ean<\/p>\n","protected":false},"author":0,"featured_media":0,"comment_status":"closed","ping_status":"closed","sticky":false,"template":"","format":"standard","meta":{"footnotes":""},"categories":[9],"tags":[],"class_list":["post-62","post","type-post","status-publish","format-standard","hentry","category-comunicate-de-presa"],"_links":{"self":[{"href":"https:\/\/www.anofm.ro\/olt\/wp-json\/wp\/v2\/posts\/62","targetHints":{"allow":["GET"]}}],"collection":[{"href":"https:\/\/www.anofm.ro\/olt\/wp-json\/wp\/v2\/posts"}],"about":[{"href":"https:\/\/www.anofm.ro\/olt\/wp-json\/wp\/v2\/types\/post"}],"replies":[{"embeddable":true,"href":"https:\/\/www.anofm.ro\/olt\/wp-json\/wp\/v2\/comments?post=62"}],"version-history":[{"count":0,"href":"https:\/\/www.anofm.ro\/olt\/wp-json\/wp\/v2\/posts\/62\/revisions"}],"wp:attachment":[{"href":"https:\/\/www.anofm.ro\/olt\/wp-json\/wp\/v2\/media?parent=62"}],"wp:term":[{"taxonomy":"category","embeddable":true,"href":"https:\/\/www.anofm.ro\/olt\/wp-json\/wp\/v2\/categories?post=62"},{"taxonomy":"post_tag","embeddable":true,"href":"https:\/\/www.anofm.ro\/olt\/wp-json\/wp\/v2\/tags?post=62"}],"curies":[{"name":"wp","href":"https:\/\/api.w.org\/{rel}","templated":true}]}}