{"id":6048,"date":"2025-10-23T10:17:49","date_gmt":"2025-10-23T07:17:49","guid":{"rendered":"https:\/\/www.anofm.ro\/olt\/?p=6048"},"modified":"2025-10-23T10:17:49","modified_gmt":"2025-10-23T07:17:49","slug":"4-programe-de-formare-profesionala-vor-incepe-in-luna-noiembrie-2025-la-nivel-judetean-3","status":"publish","type":"post","link":"https:\/\/www.anofm.ro\/olt\/4-programe-de-formare-profesionala-vor-incepe-in-luna-noiembrie-2025-la-nivel-judetean-3\/","title":{"rendered":"4 programe de formare profesional\u0103 vor \u00eencepe \u00een luna NOIEMBRIE 2025, la nivel jude\u0163ean"},"content":{"rendered":"\n<div data-wp-interactive=\"core\/file\" class=\"wp-block-file\"><object data-wp-bind--hidden=\"!state.hasPdfPreview\" hidden class=\"wp-block-file__embed\" data=\"https:\/\/www.anofm.ro\/olt\/wp-content\/uploads\/sites\/32\/2025\/10\/4-programe-de-formare-profesionala-vor-incepe-in-luna-NOIEMBRIE-2025-la-nivel-judetean-2.pdf\" type=\"application\/pdf\" style=\"width:100%;height:200px\" aria-label=\"\u00cenglobare pentru 4 programe de formare profesional\u0103 vor \u00eencepe \u00een luna NOIEMBRIE  2025, la nivel jude\u0163ean.\"><\/object><a id=\"wp-block-file--media-3a90a1d6-3e24-4eaa-b612-33a17f69b675\" href=\"https:\/\/www.anofm.ro\/olt\/wp-content\/uploads\/sites\/32\/2025\/10\/4-programe-de-formare-profesionala-vor-incepe-in-luna-NOIEMBRIE-2025-la-nivel-judetean-2.pdf\">4 programe de formare profesional\u0103 vor \u00eencepe \u00een luna NOIEMBRIE  2025, la nivel jude\u0163ean<\/a><a href=\"https:\/\/www.anofm.ro\/olt\/wp-content\/uploads\/sites\/32\/2025\/10\/4-programe-de-formare-profesionala-vor-incepe-in-luna-NOIEMBRIE-2025-la-nivel-judetean-2.pdf\" class=\"wp-block-file__button wp-element-button\" download aria-describedby=\"wp-block-file--media-3a90a1d6-3e24-4eaa-b612-33a17f69b675\">Descarc\u0103<\/a><\/div>\n\n\n\n<p><\/p>\n","protected":false},"excerpt":{"rendered":"<p>4 programe de formare profesional\u0103 vor \u00eencepe \u00een luna NOIEMBRIE  2025, la nivel jude\u0163ean<\/p>\n","protected":false},"author":158,"featured_media":6039,"comment_status":"closed","ping_status":"closed","sticky":false,"template":"","format":"standard","meta":{"footnotes":""},"categories":[11],"tags":[],"class_list":["post-6048","post","type-post","status-publish","format-standard","has-post-thumbnail","hentry","category-cursuri-de-formare-profesionala"],"_links":{"self":[{"href":"https:\/\/www.anofm.ro\/olt\/wp-json\/wp\/v2\/posts\/6048","targetHints":{"allow":["GET"]}}],"collection":[{"href":"https:\/\/www.anofm.ro\/olt\/wp-json\/wp\/v2\/posts"}],"about":[{"href":"https:\/\/www.anofm.ro\/olt\/wp-json\/wp\/v2\/types\/post"}],"author":[{"embeddable":true,"href":"https:\/\/www.anofm.ro\/olt\/wp-json\/wp\/v2\/users\/158"}],"replies":[{"embeddable":true,"href":"https:\/\/www.anofm.ro\/olt\/wp-json\/wp\/v2\/comments?post=6048"}],"version-history":[{"count":1,"href":"https:\/\/www.anofm.ro\/olt\/wp-json\/wp\/v2\/posts\/6048\/revisions"}],"predecessor-version":[{"id":6050,"href":"https:\/\/www.anofm.ro\/olt\/wp-json\/wp\/v2\/posts\/6048\/revisions\/6050"}],"wp:featuredmedia":[{"embeddable":true,"href":"https:\/\/www.anofm.ro\/olt\/wp-json\/wp\/v2\/media\/6039"}],"wp:attachment":[{"href":"https:\/\/www.anofm.ro\/olt\/wp-json\/wp\/v2\/media?parent=6048"}],"wp:term":[{"taxonomy":"category","embeddable":true,"href":"https:\/\/www.anofm.ro\/olt\/wp-json\/wp\/v2\/categories?post=6048"},{"taxonomy":"post_tag","embeddable":true,"href":"https:\/\/www.anofm.ro\/olt\/wp-json\/wp\/v2\/tags?post=6048"}],"curies":[{"name":"wp","href":"https:\/\/api.w.org\/{rel}","templated":true}]}}