{"id":6045,"date":"2025-10-23T09:39:52","date_gmt":"2025-10-23T06:39:52","guid":{"rendered":"https:\/\/www.anofm.ro\/olt\/?p=6045"},"modified":"2025-10-23T09:39:52","modified_gmt":"2025-10-23T06:39:52","slug":"4-programe-de-formare-profesionala-vor-incepe-in-luna-noiembrie-2025-la-nivel-judetean-2","status":"publish","type":"post","link":"https:\/\/www.anofm.ro\/olt\/4-programe-de-formare-profesionala-vor-incepe-in-luna-noiembrie-2025-la-nivel-judetean-2\/","title":{"rendered":"4 programe de formare profesional\u0103 vor \u00eencepe \u00een luna NOIEMBRIE 2025, la nivel jude\u0163ean"},"content":{"rendered":"\n<div data-wp-interactive=\"core\/file\" class=\"wp-block-file\"><object data-wp-bind--hidden=\"!state.hasPdfPreview\" hidden class=\"wp-block-file__embed\" data=\"https:\/\/www.anofm.ro\/olt\/wp-content\/uploads\/sites\/32\/2025\/10\/4-programe-de-formare-profesionala-vor-incepe-in-luna-NOIEMBRIE-2025-la-nivel-judetean-1.pdf\" type=\"application\/pdf\" style=\"width:100%;height:200px\" aria-label=\"\u00cenglobare pentru 4 programe de formare profesional\u0103 vor \u00eencepe \u00een luna NOIEMBRIE  2025, la nivel jude\u0163ean.\"><\/object><a id=\"wp-block-file--media-a132d2cc-f754-4f3b-a93e-16f41cf83dff\" href=\"https:\/\/www.anofm.ro\/olt\/wp-content\/uploads\/sites\/32\/2025\/10\/4-programe-de-formare-profesionala-vor-incepe-in-luna-NOIEMBRIE-2025-la-nivel-judetean-1.pdf\">4 programe de formare profesional\u0103 vor \u00eencepe \u00een luna NOIEMBRIE  2025, la nivel jude\u0163ean<\/a><a href=\"https:\/\/www.anofm.ro\/olt\/wp-content\/uploads\/sites\/32\/2025\/10\/4-programe-de-formare-profesionala-vor-incepe-in-luna-NOIEMBRIE-2025-la-nivel-judetean-1.pdf\" class=\"wp-block-file__button wp-element-button\" download aria-describedby=\"wp-block-file--media-a132d2cc-f754-4f3b-a93e-16f41cf83dff\">Descarc\u0103<\/a><\/div>\n","protected":false},"excerpt":{"rendered":"<p>4 programe de formare profesional\u0103 vor \u00eencepe \u00een luna NOIEMBRIE  2025, la nivel jude\u0163ean<\/p>\n<p>La nivel jude\u0163ean, \u00een luna noiembrie 2025 Agen\u0163ia Jude\u0163ean\u0103 pentru Ocuparea For\u0163ei de Munc\u0103 Olt \u00ee\u015fi propune s\u0103 organizeze 4 programe de formare profesional\u0103 pentru 56 persoane aflate \u00een c\u0103utarea unui loc de munc\u0103. <\/p>\n","protected":false},"author":158,"featured_media":6039,"comment_status":"closed","ping_status":"closed","sticky":false,"template":"","format":"standard","meta":{"footnotes":""},"categories":[31],"tags":[],"class_list":["post-6045","post","type-post","status-publish","format-standard","has-post-thumbnail","hentry","category-ultimele-noutati-slider"],"_links":{"self":[{"href":"https:\/\/www.anofm.ro\/olt\/wp-json\/wp\/v2\/posts\/6045","targetHints":{"allow":["GET"]}}],"collection":[{"href":"https:\/\/www.anofm.ro\/olt\/wp-json\/wp\/v2\/posts"}],"about":[{"href":"https:\/\/www.anofm.ro\/olt\/wp-json\/wp\/v2\/types\/post"}],"author":[{"embeddable":true,"href":"https:\/\/www.anofm.ro\/olt\/wp-json\/wp\/v2\/users\/158"}],"replies":[{"embeddable":true,"href":"https:\/\/www.anofm.ro\/olt\/wp-json\/wp\/v2\/comments?post=6045"}],"version-history":[{"count":1,"href":"https:\/\/www.anofm.ro\/olt\/wp-json\/wp\/v2\/posts\/6045\/revisions"}],"predecessor-version":[{"id":6047,"href":"https:\/\/www.anofm.ro\/olt\/wp-json\/wp\/v2\/posts\/6045\/revisions\/6047"}],"wp:featuredmedia":[{"embeddable":true,"href":"https:\/\/www.anofm.ro\/olt\/wp-json\/wp\/v2\/media\/6039"}],"wp:attachment":[{"href":"https:\/\/www.anofm.ro\/olt\/wp-json\/wp\/v2\/media?parent=6045"}],"wp:term":[{"taxonomy":"category","embeddable":true,"href":"https:\/\/www.anofm.ro\/olt\/wp-json\/wp\/v2\/categories?post=6045"},{"taxonomy":"post_tag","embeddable":true,"href":"https:\/\/www.anofm.ro\/olt\/wp-json\/wp\/v2\/tags?post=6045"}],"curies":[{"name":"wp","href":"https:\/\/api.w.org\/{rel}","templated":true}]}}