{"id":6001,"date":"2025-10-09T09:19:38","date_gmt":"2025-10-09T06:19:38","guid":{"rendered":"https:\/\/www.anofm.ro\/olt\/?p=6001"},"modified":"2025-10-09T09:19:38","modified_gmt":"2025-10-09T06:19:38","slug":"bursa-locurilor-de-munca-pentru-absolventi-10-octombrie-2025-7","status":"publish","type":"post","link":"https:\/\/www.anofm.ro\/olt\/bursa-locurilor-de-munca-pentru-absolventi-10-octombrie-2025-7\/","title":{"rendered":"Bursa locurilor de munca pentru absolventi &#8211; 10 octombrie 2025"},"content":{"rendered":"\n<div data-wp-interactive=\"core\/file\" class=\"wp-block-file\"><object data-wp-bind--hidden=\"!state.hasPdfPreview\" hidden class=\"wp-block-file__embed\" data=\"https:\/\/www.anofm.ro\/olt\/wp-content\/uploads\/sites\/32\/2025\/10\/Bursa-locurilor-de-munca-pentru-absolventi-10-octombrie-2025-2.pdf\" type=\"application\/pdf\" style=\"width:100%;height:200px\" aria-label=\"\u00cenglobare pentru Bursa locurilor de munca pentru absolventi - 10 octombrie 2025.\"><\/object><a id=\"wp-block-file--media-36d2a4b4-ba72-4887-bded-237116695925\" href=\"https:\/\/www.anofm.ro\/olt\/wp-content\/uploads\/sites\/32\/2025\/10\/Bursa-locurilor-de-munca-pentru-absolventi-10-octombrie-2025-2.pdf\">Bursa locurilor de munca pentru absolventi &#8211; 10 octombrie 2025<\/a><a href=\"https:\/\/www.anofm.ro\/olt\/wp-content\/uploads\/sites\/32\/2025\/10\/Bursa-locurilor-de-munca-pentru-absolventi-10-octombrie-2025-2.pdf\" class=\"wp-block-file__button wp-element-button\" download aria-describedby=\"wp-block-file--media-36d2a4b4-ba72-4887-bded-237116695925\">Descarc\u0103<\/a><\/div>\n","protected":false},"excerpt":{"rendered":"<p>Bursa locurilor de munca pentru absolventi &#8211; 10 octombrie 2025<\/p>\n<p>Agen\u0163ia Jude\u0163ean\u0103 pentru Ocuparea For\u0163ei de Munc\u0103 Olt organizeaz\u0103 vineri &#8211; 10 octombrie 2025, \u00eencep\u00e2nd cu ora 9.00,  BURSA LOCURILOR DE MUNC\u0102 pentru ABSOLVEN\u0162I.<br \/>\nLoca\u0163iile de desf\u0103\u015furare a bursei sunt :<br \/>\n\uf0d8\tSlatina &#8211; Casa Tineretului(zona VALCEA), str. Ecaterina Teodoroiu, nr.1<br \/>\n\uf0d8\tCaracal \u2013 sediul Agentiei Locale, str. Toma Rusca, nr.3  <\/p>\n","protected":false},"author":158,"featured_media":5851,"comment_status":"closed","ping_status":"closed","sticky":false,"template":"","format":"standard","meta":{"footnotes":""},"categories":[32],"tags":[],"class_list":["post-6001","post","type-post","status-publish","format-standard","has-post-thumbnail","hentry","category-ultimele-noutati"],"_links":{"self":[{"href":"https:\/\/www.anofm.ro\/olt\/wp-json\/wp\/v2\/posts\/6001","targetHints":{"allow":["GET"]}}],"collection":[{"href":"https:\/\/www.anofm.ro\/olt\/wp-json\/wp\/v2\/posts"}],"about":[{"href":"https:\/\/www.anofm.ro\/olt\/wp-json\/wp\/v2\/types\/post"}],"author":[{"embeddable":true,"href":"https:\/\/www.anofm.ro\/olt\/wp-json\/wp\/v2\/users\/158"}],"replies":[{"embeddable":true,"href":"https:\/\/www.anofm.ro\/olt\/wp-json\/wp\/v2\/comments?post=6001"}],"version-history":[{"count":1,"href":"https:\/\/www.anofm.ro\/olt\/wp-json\/wp\/v2\/posts\/6001\/revisions"}],"predecessor-version":[{"id":6003,"href":"https:\/\/www.anofm.ro\/olt\/wp-json\/wp\/v2\/posts\/6001\/revisions\/6003"}],"wp:featuredmedia":[{"embeddable":true,"href":"https:\/\/www.anofm.ro\/olt\/wp-json\/wp\/v2\/media\/5851"}],"wp:attachment":[{"href":"https:\/\/www.anofm.ro\/olt\/wp-json\/wp\/v2\/media?parent=6001"}],"wp:term":[{"taxonomy":"category","embeddable":true,"href":"https:\/\/www.anofm.ro\/olt\/wp-json\/wp\/v2\/categories?post=6001"},{"taxonomy":"post_tag","embeddable":true,"href":"https:\/\/www.anofm.ro\/olt\/wp-json\/wp\/v2\/tags?post=6001"}],"curies":[{"name":"wp","href":"https:\/\/api.w.org\/{rel}","templated":true}]}}