{"id":5969,"date":"2025-10-06T17:28:32","date_gmt":"2025-10-06T14:28:32","guid":{"rendered":"https:\/\/www.anofm.ro\/olt\/?p=5969"},"modified":"2025-10-06T17:28:32","modified_gmt":"2025-10-06T14:28:32","slug":"3-programe-de-formare-profesionala-vor-incepe-in-luna-septembrie-2025-la-nivel-judetean-2","status":"publish","type":"post","link":"https:\/\/www.anofm.ro\/olt\/3-programe-de-formare-profesionala-vor-incepe-in-luna-septembrie-2025-la-nivel-judetean-2\/","title":{"rendered":"3 programe de formare profesional\u0103 vor \u00eencepe \u00een luna septembrie 2025, la nivel jude\u0163ean"},"content":{"rendered":"\n<div data-wp-interactive=\"core\/file\" class=\"wp-block-file\"><object data-wp-bind--hidden=\"!state.hasPdfPreview\" hidden class=\"wp-block-file__embed\" data=\"https:\/\/www.anofm.ro\/olt\/wp-content\/uploads\/sites\/32\/2025\/10\/3-programe-de-formare-profesionala-vor-incepe-in-luna-septembrie-2025-la-nivel-judetean.pdf\" type=\"application\/pdf\" style=\"width:100%;height:200px\" aria-label=\"\u00cenglobare pentru 3 programe de formare profesional\u0103 vor \u00eencepe \u00een luna septembrie  2025, la nivel jude\u0163ean.\"><\/object><a id=\"wp-block-file--media-65122bb3-198c-49df-b735-7bfd6a3cb6e0\" href=\"https:\/\/www.anofm.ro\/olt\/wp-content\/uploads\/sites\/32\/2025\/10\/3-programe-de-formare-profesionala-vor-incepe-in-luna-septembrie-2025-la-nivel-judetean.pdf\">3 programe de formare profesional\u0103 vor \u00eencepe \u00een luna septembrie  2025, la nivel jude\u0163ean<\/a><a href=\"https:\/\/www.anofm.ro\/olt\/wp-content\/uploads\/sites\/32\/2025\/10\/3-programe-de-formare-profesionala-vor-incepe-in-luna-septembrie-2025-la-nivel-judetean.pdf\" class=\"wp-block-file__button wp-element-button\" download aria-describedby=\"wp-block-file--media-65122bb3-198c-49df-b735-7bfd6a3cb6e0\">Descarc\u0103<\/a><\/div>\n","protected":false},"excerpt":{"rendered":"<p>3 programe de formare profesional\u0103 vor \u00eencepe \u00een luna septembrie  2025, la nivel jude\u0163ean<\/p>\n<p>La nivel jude\u0163ean, \u00een luna septembrie 2025 Agen\u0163ia Jude\u0163ean\u0103 pentru Ocuparea For\u0163ei de Munc\u0103 Olt \u00ee\u015fi propune s\u0103 organizeze 3 programe de formare profesional\u0103 pentru 42 persoane aflate \u00een c\u0103utarea unui loc de munc\u0103. <\/p>\n<p>Principalele meserii\\ocupa\u0163ii, \u00een func\u0163ie de num\u0103rul de participan\u0163i, pentru care se vor organiza programe de formare profesional\u0103 gratuite pentru \u015fomeri sunt:<br \/>\n\uf0fc\tfrizer \u2013 14 persoane<br \/>\n\uf0fc\tasistent personal profesionist \u2013 14 persoane<br \/>\n\uf0fc\texpert accesare fonduri structurale si de coeziune europene \u2013 14 persoane<\/p>\n","protected":false},"author":158,"featured_media":0,"comment_status":"closed","ping_status":"closed","sticky":false,"template":"","format":"standard","meta":{"footnotes":""},"categories":[11],"tags":[],"class_list":["post-5969","post","type-post","status-publish","format-standard","hentry","category-cursuri-de-formare-profesionala"],"_links":{"self":[{"href":"https:\/\/www.anofm.ro\/olt\/wp-json\/wp\/v2\/posts\/5969","targetHints":{"allow":["GET"]}}],"collection":[{"href":"https:\/\/www.anofm.ro\/olt\/wp-json\/wp\/v2\/posts"}],"about":[{"href":"https:\/\/www.anofm.ro\/olt\/wp-json\/wp\/v2\/types\/post"}],"author":[{"embeddable":true,"href":"https:\/\/www.anofm.ro\/olt\/wp-json\/wp\/v2\/users\/158"}],"replies":[{"embeddable":true,"href":"https:\/\/www.anofm.ro\/olt\/wp-json\/wp\/v2\/comments?post=5969"}],"version-history":[{"count":1,"href":"https:\/\/www.anofm.ro\/olt\/wp-json\/wp\/v2\/posts\/5969\/revisions"}],"predecessor-version":[{"id":5971,"href":"https:\/\/www.anofm.ro\/olt\/wp-json\/wp\/v2\/posts\/5969\/revisions\/5971"}],"wp:attachment":[{"href":"https:\/\/www.anofm.ro\/olt\/wp-json\/wp\/v2\/media?parent=5969"}],"wp:term":[{"taxonomy":"category","embeddable":true,"href":"https:\/\/www.anofm.ro\/olt\/wp-json\/wp\/v2\/categories?post=5969"},{"taxonomy":"post_tag","embeddable":true,"href":"https:\/\/www.anofm.ro\/olt\/wp-json\/wp\/v2\/tags?post=5969"}],"curies":[{"name":"wp","href":"https:\/\/api.w.org\/{rel}","templated":true}]}}