{"id":5896,"date":"2025-09-30T14:15:53","date_gmt":"2025-09-30T11:15:53","guid":{"rendered":"https:\/\/www.anofm.ro\/olt\/?p=5896"},"modified":"2025-09-30T14:15:53","modified_gmt":"2025-09-30T11:15:53","slug":"comunicat-de-presa-591-rata-somajului-inregistrat-in-evidentele-ajofm-olt-in-luna-august-2025","status":"publish","type":"post","link":"https:\/\/www.anofm.ro\/olt\/comunicat-de-presa-591-rata-somajului-inregistrat-in-evidentele-ajofm-olt-in-luna-august-2025\/","title":{"rendered":"comunicat de presa &#8211; 5,91 % &#8211; rata \u015fomajului \u00eenregistrat \u00een eviden\u0163ele AJOFM Olt \u00een luna AUGUST 2025"},"content":{"rendered":"\n<div data-wp-interactive=\"core\/file\" class=\"wp-block-file\"><object data-wp-bind--hidden=\"!state.hasPdfPreview\" hidden class=\"wp-block-file__embed\" data=\"https:\/\/www.anofm.ro\/olt\/wp-content\/uploads\/sites\/32\/2025\/09\/comunicat-de-presa-591-rata-somajului-inregistrat-in-evidentele-AJOFM-Olt-in-luna-AUGUST-2025.pdf\" type=\"application\/pdf\" style=\"width:100%;height:600px\" aria-label=\"\u00cenglobare pentru comunicat de presa - 5,91 % -  rata \u015fomajului \u00eenregistrat \u00een eviden\u0163ele AJOFM  Olt \u00een luna  AUGUST 2025.\"><\/object><a id=\"wp-block-file--media-74383495-699d-4fd5-a543-7e49692df134\" href=\"https:\/\/www.anofm.ro\/olt\/wp-content\/uploads\/sites\/32\/2025\/09\/comunicat-de-presa-591-rata-somajului-inregistrat-in-evidentele-AJOFM-Olt-in-luna-AUGUST-2025.pdf\">comunicat de presa &#8211; 5,91 % &#8211;  rata \u015fomajului \u00eenregistrat \u00een eviden\u0163ele AJOFM  Olt \u00een luna  AUGUST 2025<\/a><a href=\"https:\/\/www.anofm.ro\/olt\/wp-content\/uploads\/sites\/32\/2025\/09\/comunicat-de-presa-591-rata-somajului-inregistrat-in-evidentele-AJOFM-Olt-in-luna-AUGUST-2025.pdf\" class=\"wp-block-file__button wp-element-button\" download aria-describedby=\"wp-block-file--media-74383495-699d-4fd5-a543-7e49692df134\">Descarc\u0103<\/a><\/div>\n","protected":false},"excerpt":{"rendered":"<p> 5,91 % &#8211;  rata \u015fomajului \u00eenregistrat \u00een eviden\u0163ele AJOFM  Olt \u00een luna  AUGUST 2025<\/p>\n","protected":false},"author":158,"featured_media":5897,"comment_status":"closed","ping_status":"closed","sticky":false,"template":"","format":"standard","meta":{"footnotes":""},"categories":[9],"tags":[],"class_list":["post-5896","post","type-post","status-publish","format-standard","has-post-thumbnail","hentry","category-comunicate-de-presa"],"_links":{"self":[{"href":"https:\/\/www.anofm.ro\/olt\/wp-json\/wp\/v2\/posts\/5896","targetHints":{"allow":["GET"]}}],"collection":[{"href":"https:\/\/www.anofm.ro\/olt\/wp-json\/wp\/v2\/posts"}],"about":[{"href":"https:\/\/www.anofm.ro\/olt\/wp-json\/wp\/v2\/types\/post"}],"author":[{"embeddable":true,"href":"https:\/\/www.anofm.ro\/olt\/wp-json\/wp\/v2\/users\/158"}],"replies":[{"embeddable":true,"href":"https:\/\/www.anofm.ro\/olt\/wp-json\/wp\/v2\/comments?post=5896"}],"version-history":[{"count":1,"href":"https:\/\/www.anofm.ro\/olt\/wp-json\/wp\/v2\/posts\/5896\/revisions"}],"predecessor-version":[{"id":5899,"href":"https:\/\/www.anofm.ro\/olt\/wp-json\/wp\/v2\/posts\/5896\/revisions\/5899"}],"wp:featuredmedia":[{"embeddable":true,"href":"https:\/\/www.anofm.ro\/olt\/wp-json\/wp\/v2\/media\/5897"}],"wp:attachment":[{"href":"https:\/\/www.anofm.ro\/olt\/wp-json\/wp\/v2\/media?parent=5896"}],"wp:term":[{"taxonomy":"category","embeddable":true,"href":"https:\/\/www.anofm.ro\/olt\/wp-json\/wp\/v2\/categories?post=5896"},{"taxonomy":"post_tag","embeddable":true,"href":"https:\/\/www.anofm.ro\/olt\/wp-json\/wp\/v2\/tags?post=5896"}],"curies":[{"name":"wp","href":"https:\/\/api.w.org\/{rel}","templated":true}]}}