{"id":5588,"date":"2025-07-28T15:17:20","date_gmt":"2025-07-28T12:17:20","guid":{"rendered":"https:\/\/www.anofm.ro\/olt\/?p=5588"},"modified":"2025-07-28T15:17:20","modified_gmt":"2025-07-28T12:17:20","slug":"comunicat-de-presa-3-programe-de-formare-profesionala-vor-incepe-in-luna-august-2025-la-nivel-judetean","status":"publish","type":"post","link":"https:\/\/www.anofm.ro\/olt\/comunicat-de-presa-3-programe-de-formare-profesionala-vor-incepe-in-luna-august-2025-la-nivel-judetean\/","title":{"rendered":"comunicat de presa &#8211; 3 programe de formare profesional\u0103 vor \u00eencepe \u00een luna AUGUST 2025, la nivel jude\u0163ean"},"content":{"rendered":"\n<div data-wp-interactive=\"core\/file\" class=\"wp-block-file\"><object data-wp-bind--hidden=\"!state.hasPdfPreview\" hidden class=\"wp-block-file__embed\" data=\"https:\/\/www.anofm.ro\/olt\/wp-content\/uploads\/sites\/32\/2025\/07\/3-programe-de-formare-profesionala-vor-incepe-in-luna-AUGUST-2025-la-nivel-judetean-1.pdf\" type=\"application\/pdf\" style=\"width:100%;height:200px\" aria-label=\"\u00cenglobare pentru 3 programe de formare profesional\u0103 vor \u00eencepe \u00een luna AUGUST  2025, la nivel jude\u0163ean.\"><\/object><a id=\"wp-block-file--media-4456292c-e01e-47b8-88e7-2aa7ddfc92a0\" href=\"https:\/\/www.anofm.ro\/olt\/wp-content\/uploads\/sites\/32\/2025\/07\/3-programe-de-formare-profesionala-vor-incepe-in-luna-AUGUST-2025-la-nivel-judetean-1.pdf\">3 programe de formare profesional\u0103 vor \u00eencepe \u00een luna AUGUST  2025, la nivel jude\u0163ean<\/a><a href=\"https:\/\/www.anofm.ro\/olt\/wp-content\/uploads\/sites\/32\/2025\/07\/3-programe-de-formare-profesionala-vor-incepe-in-luna-AUGUST-2025-la-nivel-judetean-1.pdf\" class=\"wp-block-file__button wp-element-button\" download aria-describedby=\"wp-block-file--media-4456292c-e01e-47b8-88e7-2aa7ddfc92a0\">Descarc\u0103<\/a><\/div>\n","protected":false},"excerpt":{"rendered":"<p>3 programe de formare profesional\u0103 vor \u00eencepe \u00een luna AUGUST  2025, la nivel jude\u0163ean<\/p>\n","protected":false},"author":158,"featured_media":4412,"comment_status":"closed","ping_status":"closed","sticky":false,"template":"","format":"standard","meta":{"footnotes":""},"categories":[9],"tags":[],"class_list":["post-5588","post","type-post","status-publish","format-standard","has-post-thumbnail","hentry","category-comunicate-de-presa"],"_links":{"self":[{"href":"https:\/\/www.anofm.ro\/olt\/wp-json\/wp\/v2\/posts\/5588","targetHints":{"allow":["GET"]}}],"collection":[{"href":"https:\/\/www.anofm.ro\/olt\/wp-json\/wp\/v2\/posts"}],"about":[{"href":"https:\/\/www.anofm.ro\/olt\/wp-json\/wp\/v2\/types\/post"}],"author":[{"embeddable":true,"href":"https:\/\/www.anofm.ro\/olt\/wp-json\/wp\/v2\/users\/158"}],"replies":[{"embeddable":true,"href":"https:\/\/www.anofm.ro\/olt\/wp-json\/wp\/v2\/comments?post=5588"}],"version-history":[{"count":1,"href":"https:\/\/www.anofm.ro\/olt\/wp-json\/wp\/v2\/posts\/5588\/revisions"}],"predecessor-version":[{"id":5590,"href":"https:\/\/www.anofm.ro\/olt\/wp-json\/wp\/v2\/posts\/5588\/revisions\/5590"}],"wp:featuredmedia":[{"embeddable":true,"href":"https:\/\/www.anofm.ro\/olt\/wp-json\/wp\/v2\/media\/4412"}],"wp:attachment":[{"href":"https:\/\/www.anofm.ro\/olt\/wp-json\/wp\/v2\/media?parent=5588"}],"wp:term":[{"taxonomy":"category","embeddable":true,"href":"https:\/\/www.anofm.ro\/olt\/wp-json\/wp\/v2\/categories?post=5588"},{"taxonomy":"post_tag","embeddable":true,"href":"https:\/\/www.anofm.ro\/olt\/wp-json\/wp\/v2\/tags?post=5588"}],"curies":[{"name":"wp","href":"https:\/\/api.w.org\/{rel}","templated":true}]}}