{"id":54,"date":"2019-06-25T00:00:00","date_gmt":"2019-06-24T21:00:00","guid":{"rendered":"https:\/\/www.anofm.ro\/olt\/stimulente-pentru-angajarea-elevilor-si-studentilor-pe-perioada-vacantei-2019\/"},"modified":"2019-06-25T00:00:00","modified_gmt":"2019-06-24T21:00:00","slug":"stimulente-pentru-angajarea-elevilor-si-studentilor-pe-perioada-vacantei-2019","status":"publish","type":"post","link":"https:\/\/www.anofm.ro\/olt\/stimulente-pentru-angajarea-elevilor-si-studentilor-pe-perioada-vacantei-2019\/","title":{"rendered":"Stimulente pentru angajarea elevilor \u015fi studen\u0163ilor pe perioada vacan\u0163ei 2019"},"content":{"rendered":"<p>Stimulente pentru angajarea elevilor \u015fi studen\u0163ilor pe perioada vacan\u0163ei 2019.<\/p>\n<p><a href=\"\/upload\/7239\/Stimulente_pentru_angajarea_elevilor_si_studentilor_pe_perioada_vacantei.pdf\">Stimulente_pentru_angajarea_elevilor_si_studentilor_pe_perioada_vacantei.pdf<\/a> <\/p><\/p>\n","protected":false},"excerpt":{"rendered":"<p>Stimulente,elevi,studen\u0163i,vacan\u0163a2019.<\/p>\n","protected":false},"author":0,"featured_media":0,"comment_status":"closed","ping_status":"closed","sticky":false,"template":"","format":"standard","meta":{"footnotes":""},"categories":[9],"tags":[],"class_list":["post-54","post","type-post","status-publish","format-standard","hentry","category-comunicate-de-presa"],"_links":{"self":[{"href":"https:\/\/www.anofm.ro\/olt\/wp-json\/wp\/v2\/posts\/54","targetHints":{"allow":["GET"]}}],"collection":[{"href":"https:\/\/www.anofm.ro\/olt\/wp-json\/wp\/v2\/posts"}],"about":[{"href":"https:\/\/www.anofm.ro\/olt\/wp-json\/wp\/v2\/types\/post"}],"replies":[{"embeddable":true,"href":"https:\/\/www.anofm.ro\/olt\/wp-json\/wp\/v2\/comments?post=54"}],"version-history":[{"count":0,"href":"https:\/\/www.anofm.ro\/olt\/wp-json\/wp\/v2\/posts\/54\/revisions"}],"wp:attachment":[{"href":"https:\/\/www.anofm.ro\/olt\/wp-json\/wp\/v2\/media?parent=54"}],"wp:term":[{"taxonomy":"category","embeddable":true,"href":"https:\/\/www.anofm.ro\/olt\/wp-json\/wp\/v2\/categories?post=54"},{"taxonomy":"post_tag","embeddable":true,"href":"https:\/\/www.anofm.ro\/olt\/wp-json\/wp\/v2\/tags?post=54"}],"curies":[{"name":"wp","href":"https:\/\/api.w.org\/{rel}","templated":true}]}}