{"id":5343,"date":"2025-05-20T15:28:34","date_gmt":"2025-05-20T12:28:34","guid":{"rendered":"https:\/\/www.anofm.ro\/olt\/?p=5343"},"modified":"2025-05-20T15:28:34","modified_gmt":"2025-05-20T12:28:34","slug":"bursa-generala-a-locurilor-de-munca-23-mai-2025","status":"publish","type":"post","link":"https:\/\/www.anofm.ro\/olt\/bursa-generala-a-locurilor-de-munca-23-mai-2025\/","title":{"rendered":"Bursa Generala a locurilor de munca &#8211; 23 mai 2025"},"content":{"rendered":"\n<div data-wp-interactive=\"core\/file\" class=\"wp-block-file\"><object data-wp-bind--hidden=\"!state.hasPdfPreview\" hidden class=\"wp-block-file__embed\" data=\"https:\/\/www.anofm.ro\/olt\/wp-content\/uploads\/sites\/32\/2025\/05\/comunicat-de-presa-Bursa-Generala-a-locurilor-de-munca-23-mai-2025.pdf\" type=\"application\/pdf\" style=\"width:100%;height:200px\" aria-label=\"\u00cenglobare pentru comunicat de presa -  Bursa Generala a locurilor de munca - 23 mai 2025.\"><\/object><a id=\"wp-block-file--media-878b5943-7a34-4517-9e71-e7b5b6675b9a\" href=\"https:\/\/www.anofm.ro\/olt\/wp-content\/uploads\/sites\/32\/2025\/05\/comunicat-de-presa-Bursa-Generala-a-locurilor-de-munca-23-mai-2025.pdf\">comunicat de presa &#8211;  Bursa Generala a locurilor de munca &#8211; 23 mai 2025<\/a><a href=\"https:\/\/www.anofm.ro\/olt\/wp-content\/uploads\/sites\/32\/2025\/05\/comunicat-de-presa-Bursa-Generala-a-locurilor-de-munca-23-mai-2025.pdf\" class=\"wp-block-file__button wp-element-button\" download aria-describedby=\"wp-block-file--media-878b5943-7a34-4517-9e71-e7b5b6675b9a\">Descarc\u0103<\/a><\/div>\n\n\n\n<p><\/p>\n","protected":false},"excerpt":{"rendered":"<p> Bursa Generala a locurilor de munca &#8211; 23 mai 2025<\/p>\n<p>Agen\u0163ia Jude\u0163ean\u0103 pentru Ocuparea For\u0163ei de Munc\u0103 Olt organizeaz\u0103 vineri &#8211; 23 mai 2025, incep\u00e2nd cu ora 9.00,  BURSA GENERAL\u0102  A LOCURILOR DE MUNC\u0102.<br \/>\nEvenimentul se va organiza \u00een :<br \/>\n\uf0fc\tSlatina \u2013 Casa Tineretului<br \/>\n\uf0fc\tCaracal \u2013 sediul Agen\u021biei Locale Caracal <\/p>\n","protected":false},"author":158,"featured_media":5344,"comment_status":"closed","ping_status":"closed","sticky":false,"template":"","format":"standard","meta":{"footnotes":""},"categories":[32],"tags":[],"class_list":["post-5343","post","type-post","status-publish","format-standard","has-post-thumbnail","hentry","category-ultimele-noutati"],"_links":{"self":[{"href":"https:\/\/www.anofm.ro\/olt\/wp-json\/wp\/v2\/posts\/5343","targetHints":{"allow":["GET"]}}],"collection":[{"href":"https:\/\/www.anofm.ro\/olt\/wp-json\/wp\/v2\/posts"}],"about":[{"href":"https:\/\/www.anofm.ro\/olt\/wp-json\/wp\/v2\/types\/post"}],"author":[{"embeddable":true,"href":"https:\/\/www.anofm.ro\/olt\/wp-json\/wp\/v2\/users\/158"}],"replies":[{"embeddable":true,"href":"https:\/\/www.anofm.ro\/olt\/wp-json\/wp\/v2\/comments?post=5343"}],"version-history":[{"count":1,"href":"https:\/\/www.anofm.ro\/olt\/wp-json\/wp\/v2\/posts\/5343\/revisions"}],"predecessor-version":[{"id":5346,"href":"https:\/\/www.anofm.ro\/olt\/wp-json\/wp\/v2\/posts\/5343\/revisions\/5346"}],"wp:featuredmedia":[{"embeddable":true,"href":"https:\/\/www.anofm.ro\/olt\/wp-json\/wp\/v2\/media\/5344"}],"wp:attachment":[{"href":"https:\/\/www.anofm.ro\/olt\/wp-json\/wp\/v2\/media?parent=5343"}],"wp:term":[{"taxonomy":"category","embeddable":true,"href":"https:\/\/www.anofm.ro\/olt\/wp-json\/wp\/v2\/categories?post=5343"},{"taxonomy":"post_tag","embeddable":true,"href":"https:\/\/www.anofm.ro\/olt\/wp-json\/wp\/v2\/tags?post=5343"}],"curies":[{"name":"wp","href":"https:\/\/api.w.org\/{rel}","templated":true}]}}