{"id":5337,"date":"2025-05-20T11:10:30","date_gmt":"2025-05-20T08:10:30","guid":{"rendered":"https:\/\/www.anofm.ro\/olt\/?p=5337"},"modified":"2025-05-20T11:10:30","modified_gmt":"2025-05-20T08:10:30","slug":"3-programe-de-formare-profesionala-vor-incepe-in-luna-iunie-2025-la-nivel-judetean","status":"publish","type":"post","link":"https:\/\/www.anofm.ro\/olt\/3-programe-de-formare-profesionala-vor-incepe-in-luna-iunie-2025-la-nivel-judetean\/","title":{"rendered":"3 programe de formare profesional\u0103 vor \u00eencepe \u00een luna IUNIE 2025, la nivel jude\u0163ean"},"content":{"rendered":"\n<div data-wp-interactive=\"core\/file\" class=\"wp-block-file\"><object data-wp-bind--hidden=\"!state.hasPdfPreview\" hidden class=\"wp-block-file__embed\" data=\"https:\/\/www.anofm.ro\/olt\/wp-content\/uploads\/sites\/32\/2025\/05\/3-programe-de-formare-profesionala-vor-incepe-in-luna-IUNIE-2025-la-nivel-judetean.pdf\" type=\"application\/pdf\" style=\"width:100%;height:200px\" aria-label=\"\u00cenglobare pentru 3 programe de formare profesional\u0103 vor \u00eencepe \u00een luna IUNIE  2025, la nivel jude\u0163ean.\"><\/object><a id=\"wp-block-file--media-2b7f3ba9-ee46-4b10-b4ca-dac1d18acca6\" href=\"https:\/\/www.anofm.ro\/olt\/wp-content\/uploads\/sites\/32\/2025\/05\/3-programe-de-formare-profesionala-vor-incepe-in-luna-IUNIE-2025-la-nivel-judetean.pdf\">3 programe de formare profesional\u0103 vor \u00eencepe \u00een luna IUNIE  2025, la nivel jude\u0163ean<\/a><a href=\"https:\/\/www.anofm.ro\/olt\/wp-content\/uploads\/sites\/32\/2025\/05\/3-programe-de-formare-profesionala-vor-incepe-in-luna-IUNIE-2025-la-nivel-judetean.pdf\" class=\"wp-block-file__button wp-element-button\" download aria-describedby=\"wp-block-file--media-2b7f3ba9-ee46-4b10-b4ca-dac1d18acca6\">Descarc\u0103<\/a><\/div>\n","protected":false},"excerpt":{"rendered":"<p>La nivel jude\u0163ean, \u00een luna iunie 2025 Agen\u0163ia Jude\u0163ean\u0103 pentru Ocuparea For\u0163ei de Munc\u0103 Olt \u00ee\u015fi propune s\u0103 organizeze 3 programe de formare profesional\u0103 pentru 42 persoane aflate \u00een c\u0103utarea unui loc de munc\u0103. <\/p>\n","protected":false},"author":158,"featured_media":0,"comment_status":"closed","ping_status":"closed","sticky":false,"template":"","format":"standard","meta":{"footnotes":""},"categories":[11],"tags":[],"class_list":["post-5337","post","type-post","status-publish","format-standard","hentry","category-cursuri-de-formare-profesionala"],"_links":{"self":[{"href":"https:\/\/www.anofm.ro\/olt\/wp-json\/wp\/v2\/posts\/5337","targetHints":{"allow":["GET"]}}],"collection":[{"href":"https:\/\/www.anofm.ro\/olt\/wp-json\/wp\/v2\/posts"}],"about":[{"href":"https:\/\/www.anofm.ro\/olt\/wp-json\/wp\/v2\/types\/post"}],"author":[{"embeddable":true,"href":"https:\/\/www.anofm.ro\/olt\/wp-json\/wp\/v2\/users\/158"}],"replies":[{"embeddable":true,"href":"https:\/\/www.anofm.ro\/olt\/wp-json\/wp\/v2\/comments?post=5337"}],"version-history":[{"count":1,"href":"https:\/\/www.anofm.ro\/olt\/wp-json\/wp\/v2\/posts\/5337\/revisions"}],"predecessor-version":[{"id":5339,"href":"https:\/\/www.anofm.ro\/olt\/wp-json\/wp\/v2\/posts\/5337\/revisions\/5339"}],"wp:attachment":[{"href":"https:\/\/www.anofm.ro\/olt\/wp-json\/wp\/v2\/media?parent=5337"}],"wp:term":[{"taxonomy":"category","embeddable":true,"href":"https:\/\/www.anofm.ro\/olt\/wp-json\/wp\/v2\/categories?post=5337"},{"taxonomy":"post_tag","embeddable":true,"href":"https:\/\/www.anofm.ro\/olt\/wp-json\/wp\/v2\/tags?post=5337"}],"curies":[{"name":"wp","href":"https:\/\/api.w.org\/{rel}","templated":true}]}}