{"id":5245,"date":"2025-04-24T10:41:56","date_gmt":"2025-04-24T07:41:56","guid":{"rendered":"https:\/\/www.anofm.ro\/olt\/?p=5245"},"modified":"2025-04-24T10:41:56","modified_gmt":"2025-04-24T07:41:56","slug":"5-programe-de-formare-profesionala-vor-incepe-in-luna-mai-2025-la-nivel-judetean","status":"publish","type":"post","link":"https:\/\/www.anofm.ro\/olt\/5-programe-de-formare-profesionala-vor-incepe-in-luna-mai-2025-la-nivel-judetean\/","title":{"rendered":"5 programe de formare profesional\u0103 vor \u00eencepe \u00een luna MAI 2025, la nivel jude\u0163ean"},"content":{"rendered":"\n<div data-wp-interactive=\"core\/file\" class=\"wp-block-file\"><object data-wp-bind--hidden=\"!state.hasPdfPreview\" hidden class=\"wp-block-file__embed\" data=\"https:\/\/www.anofm.ro\/olt\/wp-content\/uploads\/sites\/32\/2025\/04\/5-programe-de-formare-profesionala-vor-incepe-in-luna-MAI-2025-la-nivel-judetean.pdf\" type=\"application\/pdf\" style=\"width:100%;height:200px\" aria-label=\"\u00cenglobare pentru 5 programe de formare profesional\u0103 vor \u00eencepe \u00een luna MAI  2025, la nivel jude\u0163ean.\"><\/object><a id=\"wp-block-file--media-9eb80ced-e373-45d2-8785-c95c32e89627\" href=\"https:\/\/www.anofm.ro\/olt\/wp-content\/uploads\/sites\/32\/2025\/04\/5-programe-de-formare-profesionala-vor-incepe-in-luna-MAI-2025-la-nivel-judetean.pdf\">5 programe de formare profesional\u0103 vor \u00eencepe \u00een luna MAI  2025, la nivel jude\u0163ean<\/a><a href=\"https:\/\/www.anofm.ro\/olt\/wp-content\/uploads\/sites\/32\/2025\/04\/5-programe-de-formare-profesionala-vor-incepe-in-luna-MAI-2025-la-nivel-judetean.pdf\" class=\"wp-block-file__button wp-element-button\" download aria-describedby=\"wp-block-file--media-9eb80ced-e373-45d2-8785-c95c32e89627\">Descarc\u0103<\/a><\/div>\n\n\n\n<p><\/p>\n","protected":false},"excerpt":{"rendered":"<p>5 programe de formare profesional\u0103 vor \u00eencepe \u00een luna MAI  2025, la nivel jude\u0163ean<\/p>\n<p>La nivel jude\u0163ean, \u00een luna mai 2025 Agen\u0163ia Jude\u0163ean\u0103 pentru Ocuparea For\u0163ei de Munc\u0103 Olt \u00ee\u015fi propune s\u0103 organizeze 5 programe de formare profesional\u0103 pentru 70 persoane aflate \u00een c\u0103utarea unui loc de munc\u0103. <\/p>\n","protected":false},"author":158,"featured_media":5246,"comment_status":"closed","ping_status":"closed","sticky":false,"template":"","format":"standard","meta":{"footnotes":""},"categories":[9],"tags":[],"class_list":["post-5245","post","type-post","status-publish","format-standard","has-post-thumbnail","hentry","category-comunicate-de-presa"],"_links":{"self":[{"href":"https:\/\/www.anofm.ro\/olt\/wp-json\/wp\/v2\/posts\/5245","targetHints":{"allow":["GET"]}}],"collection":[{"href":"https:\/\/www.anofm.ro\/olt\/wp-json\/wp\/v2\/posts"}],"about":[{"href":"https:\/\/www.anofm.ro\/olt\/wp-json\/wp\/v2\/types\/post"}],"author":[{"embeddable":true,"href":"https:\/\/www.anofm.ro\/olt\/wp-json\/wp\/v2\/users\/158"}],"replies":[{"embeddable":true,"href":"https:\/\/www.anofm.ro\/olt\/wp-json\/wp\/v2\/comments?post=5245"}],"version-history":[{"count":1,"href":"https:\/\/www.anofm.ro\/olt\/wp-json\/wp\/v2\/posts\/5245\/revisions"}],"predecessor-version":[{"id":5248,"href":"https:\/\/www.anofm.ro\/olt\/wp-json\/wp\/v2\/posts\/5245\/revisions\/5248"}],"wp:featuredmedia":[{"embeddable":true,"href":"https:\/\/www.anofm.ro\/olt\/wp-json\/wp\/v2\/media\/5246"}],"wp:attachment":[{"href":"https:\/\/www.anofm.ro\/olt\/wp-json\/wp\/v2\/media?parent=5245"}],"wp:term":[{"taxonomy":"category","embeddable":true,"href":"https:\/\/www.anofm.ro\/olt\/wp-json\/wp\/v2\/categories?post=5245"},{"taxonomy":"post_tag","embeddable":true,"href":"https:\/\/www.anofm.ro\/olt\/wp-json\/wp\/v2\/tags?post=5245"}],"curies":[{"name":"wp","href":"https:\/\/api.w.org\/{rel}","templated":true}]}}