{"id":5044,"date":"2025-03-24T11:05:30","date_gmt":"2025-03-24T09:05:30","guid":{"rendered":"https:\/\/www.anofm.ro\/olt\/?p=5044"},"modified":"2025-03-24T11:05:30","modified_gmt":"2025-03-24T09:05:30","slug":"comunicat-de-presa-592-rata-somajului-inregistrat-in-evidentele-ajofm-olt-in-luna-februarie-2025","status":"publish","type":"post","link":"https:\/\/www.anofm.ro\/olt\/comunicat-de-presa-592-rata-somajului-inregistrat-in-evidentele-ajofm-olt-in-luna-februarie-2025\/","title":{"rendered":"comunicat de pres\u0103 &#8211; 5,92 % &#8211; rata \u015fomajului \u00eenregistrat \u00een eviden\u0163ele AJOFM Olt \u00een luna FEBRUARIE 2025"},"content":{"rendered":"\n<div data-wp-interactive=\"core\/file\" class=\"wp-block-file\"><object data-wp-bind--hidden=\"!state.hasPdfPreview\" hidden class=\"wp-block-file__embed\" data=\"https:\/\/www.anofm.ro\/olt\/wp-content\/uploads\/sites\/32\/2025\/03\/comunicat-de-presa-592-rata-somajului-inregistrat-in-evidentele-AJOFM-Olt-in-luna-FEBRUARIE-2025.pdf\" type=\"application\/pdf\" style=\"width:100%;height:200px\" aria-label=\"\u00cenglobare pentru comunicat de pres\u0103 - 5,92 % -  rata \u015fomajului \u00eenregistrat \u00een eviden\u0163ele AJOFM  Olt \u00een luna  FEBRUARIE 2025.\"><\/object><a id=\"wp-block-file--media-96ad90a6-373e-47e8-bca7-aec7ed409dd6\" href=\"https:\/\/www.anofm.ro\/olt\/wp-content\/uploads\/sites\/32\/2025\/03\/comunicat-de-presa-592-rata-somajului-inregistrat-in-evidentele-AJOFM-Olt-in-luna-FEBRUARIE-2025.pdf\">comunicat de pres\u0103 &#8211; 5,92 % &#8211;  rata \u015fomajului \u00eenregistrat \u00een eviden\u0163ele AJOFM  Olt \u00een luna  FEBRUARIE 2025<\/a><a href=\"https:\/\/www.anofm.ro\/olt\/wp-content\/uploads\/sites\/32\/2025\/03\/comunicat-de-presa-592-rata-somajului-inregistrat-in-evidentele-AJOFM-Olt-in-luna-FEBRUARIE-2025.pdf\" class=\"wp-block-file__button wp-element-button\" download aria-describedby=\"wp-block-file--media-96ad90a6-373e-47e8-bca7-aec7ed409dd6\">Descarc\u0103<\/a><\/div>\n\n\n\n<p><\/p>\n","protected":false},"excerpt":{"rendered":"<p>5,92 % &#8211;  rata \u015fomajului \u00eenregistrat \u00een eviden\u0163ele AJOFM  Olt \u00een luna  februarie 2025<\/p>\n<p>La sf\u00e2r\u0219itul lunii februarie 2025 \u00een eviden\u021bele Agen\u021biei Jude\u021bene pentru Ocuparea For\u021bei de Munc\u0103 Olt, erau \u00eenregistra\u021bi  7.719  \u0219omeri (din care 3.404   femei), rata \u0219omajului fiind de 5,92 % .<\/p>\n","protected":false},"author":158,"featured_media":5042,"comment_status":"closed","ping_status":"closed","sticky":false,"template":"","format":"standard","meta":{"footnotes":""},"categories":[9],"tags":[],"class_list":["post-5044","post","type-post","status-publish","format-standard","has-post-thumbnail","hentry","category-comunicate-de-presa"],"_links":{"self":[{"href":"https:\/\/www.anofm.ro\/olt\/wp-json\/wp\/v2\/posts\/5044","targetHints":{"allow":["GET"]}}],"collection":[{"href":"https:\/\/www.anofm.ro\/olt\/wp-json\/wp\/v2\/posts"}],"about":[{"href":"https:\/\/www.anofm.ro\/olt\/wp-json\/wp\/v2\/types\/post"}],"author":[{"embeddable":true,"href":"https:\/\/www.anofm.ro\/olt\/wp-json\/wp\/v2\/users\/158"}],"replies":[{"embeddable":true,"href":"https:\/\/www.anofm.ro\/olt\/wp-json\/wp\/v2\/comments?post=5044"}],"version-history":[{"count":1,"href":"https:\/\/www.anofm.ro\/olt\/wp-json\/wp\/v2\/posts\/5044\/revisions"}],"predecessor-version":[{"id":5046,"href":"https:\/\/www.anofm.ro\/olt\/wp-json\/wp\/v2\/posts\/5044\/revisions\/5046"}],"wp:featuredmedia":[{"embeddable":true,"href":"https:\/\/www.anofm.ro\/olt\/wp-json\/wp\/v2\/media\/5042"}],"wp:attachment":[{"href":"https:\/\/www.anofm.ro\/olt\/wp-json\/wp\/v2\/media?parent=5044"}],"wp:term":[{"taxonomy":"category","embeddable":true,"href":"https:\/\/www.anofm.ro\/olt\/wp-json\/wp\/v2\/categories?post=5044"},{"taxonomy":"post_tag","embeddable":true,"href":"https:\/\/www.anofm.ro\/olt\/wp-json\/wp\/v2\/tags?post=5044"}],"curies":[{"name":"wp","href":"https:\/\/api.w.org\/{rel}","templated":true}]}}