{"id":5040,"date":"2025-03-24T11:00:06","date_gmt":"2025-03-24T09:00:06","guid":{"rendered":"https:\/\/www.anofm.ro\/olt\/?p=5040"},"modified":"2025-03-24T11:00:06","modified_gmt":"2025-03-24T09:00:06","slug":"592-rata-somajului-inregistrat-in-evidentele-ajofm-olt-in-luna-februarie-2025","status":"publish","type":"post","link":"https:\/\/www.anofm.ro\/olt\/592-rata-somajului-inregistrat-in-evidentele-ajofm-olt-in-luna-februarie-2025\/","title":{"rendered":"5,92 % &#8211; rata \u015fomajului \u00eenregistrat \u00een eviden\u0163ele AJOFM Olt \u00een luna FEBRUARIE 2025"},"content":{"rendered":"\n<div data-wp-interactive=\"core\/file\" class=\"wp-block-file\"><object data-wp-bind--hidden=\"!state.hasPdfPreview\" hidden class=\"wp-block-file__embed\" data=\"https:\/\/www.anofm.ro\/olt\/wp-content\/uploads\/sites\/32\/2025\/03\/592-rata-somajului-inregistrat-in-evidentele-AJOFM-Olt-in-luna-FEBRUARIE-2025.pdf\" type=\"application\/pdf\" style=\"width:100%;height:200px\" aria-label=\"\u00cenglobare pentru 5,92 % -  rata \u015fomajului \u00eenregistrat \u00een eviden\u0163ele AJOFM  Olt \u00een luna  FEBRUARIE 2025.\"><\/object><a id=\"wp-block-file--media-6b50af11-b617-4108-8cc1-a8c69b059ee7\" href=\"https:\/\/www.anofm.ro\/olt\/wp-content\/uploads\/sites\/32\/2025\/03\/592-rata-somajului-inregistrat-in-evidentele-AJOFM-Olt-in-luna-FEBRUARIE-2025.pdf\">5,92 % &#8211;  rata \u015fomajului \u00eenregistrat \u00een eviden\u0163ele AJOFM  Olt \u00een luna  FEBRUARIE 2025<\/a><a href=\"https:\/\/www.anofm.ro\/olt\/wp-content\/uploads\/sites\/32\/2025\/03\/592-rata-somajului-inregistrat-in-evidentele-AJOFM-Olt-in-luna-FEBRUARIE-2025.pdf\" class=\"wp-block-file__button wp-element-button\" download aria-describedby=\"wp-block-file--media-6b50af11-b617-4108-8cc1-a8c69b059ee7\">Descarc\u0103<\/a><\/div>\n","protected":false},"excerpt":{"rendered":"<p>5,92 % &#8211;  rata \u015fomajului \u00eenregistrat \u00een eviden\u0163ele AJOFM  Olt \u00een luna  februarie 2025<br \/>\nLa sf\u00e2r\u0219itul lunii februarie 2025 \u00een eviden\u021bele Agen\u021biei Jude\u021bene pentru Ocuparea For\u021bei de Munc\u0103 Olt, erau \u00eenregistra\u021bi  7.719  \u0219omeri (din care 3.404   femei), rata \u0219omajului fiind de 5,92 % .<br \/>\nComparativ cu luna precedent\u0103, c\u00e2nd rata \u0219omajului a fost de 5,61 %, \u00een aceast\u0103 lun\u0103 acest indicator a \u00eenregistrat o crestere de 0,31  pp.<\/p>\n","protected":false},"author":158,"featured_media":5042,"comment_status":"closed","ping_status":"closed","sticky":false,"template":"","format":"standard","meta":{"footnotes":""},"categories":[32],"tags":[],"class_list":["post-5040","post","type-post","status-publish","format-standard","has-post-thumbnail","hentry","category-ultimele-noutati"],"_links":{"self":[{"href":"https:\/\/www.anofm.ro\/olt\/wp-json\/wp\/v2\/posts\/5040","targetHints":{"allow":["GET"]}}],"collection":[{"href":"https:\/\/www.anofm.ro\/olt\/wp-json\/wp\/v2\/posts"}],"about":[{"href":"https:\/\/www.anofm.ro\/olt\/wp-json\/wp\/v2\/types\/post"}],"author":[{"embeddable":true,"href":"https:\/\/www.anofm.ro\/olt\/wp-json\/wp\/v2\/users\/158"}],"replies":[{"embeddable":true,"href":"https:\/\/www.anofm.ro\/olt\/wp-json\/wp\/v2\/comments?post=5040"}],"version-history":[{"count":1,"href":"https:\/\/www.anofm.ro\/olt\/wp-json\/wp\/v2\/posts\/5040\/revisions"}],"predecessor-version":[{"id":5043,"href":"https:\/\/www.anofm.ro\/olt\/wp-json\/wp\/v2\/posts\/5040\/revisions\/5043"}],"wp:featuredmedia":[{"embeddable":true,"href":"https:\/\/www.anofm.ro\/olt\/wp-json\/wp\/v2\/media\/5042"}],"wp:attachment":[{"href":"https:\/\/www.anofm.ro\/olt\/wp-json\/wp\/v2\/media?parent=5040"}],"wp:term":[{"taxonomy":"category","embeddable":true,"href":"https:\/\/www.anofm.ro\/olt\/wp-json\/wp\/v2\/categories?post=5040"},{"taxonomy":"post_tag","embeddable":true,"href":"https:\/\/www.anofm.ro\/olt\/wp-json\/wp\/v2\/tags?post=5040"}],"curies":[{"name":"wp","href":"https:\/\/api.w.org\/{rel}","templated":true}]}}