{"id":5037,"date":"2025-03-24T10:42:04","date_gmt":"2025-03-24T08:42:04","guid":{"rendered":"https:\/\/www.anofm.ro\/olt\/?p=5037"},"modified":"2025-03-24T10:42:04","modified_gmt":"2025-03-24T08:42:04","slug":"5-programe-de-formare-profesionala-vor-incepe-in-luna-aprilie-2025-la-nivel-judetean-3","status":"publish","type":"post","link":"https:\/\/www.anofm.ro\/olt\/5-programe-de-formare-profesionala-vor-incepe-in-luna-aprilie-2025-la-nivel-judetean-3\/","title":{"rendered":"5 programe de formare profesional\u0103 vor \u00eencepe \u00een luna APRILIE 2025, la nivel jude\u0163ean"},"content":{"rendered":"\n<div data-wp-interactive=\"core\/file\" class=\"wp-block-file\"><object data-wp-bind--hidden=\"!state.hasPdfPreview\" hidden class=\"wp-block-file__embed\" data=\"https:\/\/www.anofm.ro\/olt\/wp-content\/uploads\/sites\/32\/2025\/03\/5-programe-de-formare-profesionala-vor-incepe-in-luna-APRILIE-2025-la-nivel-judetean-2.pdf\" type=\"application\/pdf\" style=\"width:100%;height:200px\" aria-label=\"\u00cenglobare pentru 5 programe de formare profesional\u0103 vor \u00eencepe \u00een luna APRILIE  2025, la nivel jude\u0163ean.\"><\/object><a id=\"wp-block-file--media-7ddfa1a4-9035-4d80-9db7-08450893fd3c\" href=\"https:\/\/www.anofm.ro\/olt\/wp-content\/uploads\/sites\/32\/2025\/03\/5-programe-de-formare-profesionala-vor-incepe-in-luna-APRILIE-2025-la-nivel-judetean-2.pdf\">5 programe de formare profesional\u0103 vor \u00eencepe \u00een luna APRILIE  2025, la nivel jude\u0163ean<\/a><a href=\"https:\/\/www.anofm.ro\/olt\/wp-content\/uploads\/sites\/32\/2025\/03\/5-programe-de-formare-profesionala-vor-incepe-in-luna-APRILIE-2025-la-nivel-judetean-2.pdf\" class=\"wp-block-file__button wp-element-button\" download aria-describedby=\"wp-block-file--media-7ddfa1a4-9035-4d80-9db7-08450893fd3c\">Descarc\u0103<\/a><\/div>\n\n\n\n<p><\/p>\n","protected":false},"excerpt":{"rendered":"<p>5 programe de formare profesional\u0103 vor \u00eencepe \u00een luna APRILIE  2025, la nivel jude\u0163ean<\/p>\n<p>La nivel jude\u0163ean, \u00een luna aprilie 2025 Agen\u0163ia Jude\u0163ean\u0103 pentru Ocuparea For\u0163ei de Munc\u0103 Olt \u00ee\u015fi propune s\u0103 organizeze 5 programe de formare profesional\u0103 pentru 70 persoane aflate \u00een c\u0103utarea unui loc de munc\u0103.<br \/>\nPrincipalele meserii\\ocupa\u0163ii, \u00een func\u0163ie de num\u0103rul de participan\u0163i, pentru care se vor organiza programe de formare profesional\u0103 gratuite pentru \u015fomeri sunt:<br \/>\n\uf0fc\tlucr\u0103tor comercial \u2013 14 persoane<br \/>\n\uf0fc\t\u00eengrijitor spa\u021bii verzi \u2013 14 persoane<br \/>\n\uf0fc\tajutor buc\u0103tar \u2013 14 persoane<br \/>\n\uf0fc\texpert accesare fonduri structurale \u0219i de coeziune europene \u2013 14 persoane<br \/>\n\uf0fc\tfemeie de serviciu \u2013 14 persoane<\/p>\n","protected":false},"author":158,"featured_media":5028,"comment_status":"closed","ping_status":"closed","sticky":false,"template":"","format":"standard","meta":{"footnotes":""},"categories":[11],"tags":[],"class_list":["post-5037","post","type-post","status-publish","format-standard","has-post-thumbnail","hentry","category-cursuri-de-formare-profesionala"],"_links":{"self":[{"href":"https:\/\/www.anofm.ro\/olt\/wp-json\/wp\/v2\/posts\/5037","targetHints":{"allow":["GET"]}}],"collection":[{"href":"https:\/\/www.anofm.ro\/olt\/wp-json\/wp\/v2\/posts"}],"about":[{"href":"https:\/\/www.anofm.ro\/olt\/wp-json\/wp\/v2\/types\/post"}],"author":[{"embeddable":true,"href":"https:\/\/www.anofm.ro\/olt\/wp-json\/wp\/v2\/users\/158"}],"replies":[{"embeddable":true,"href":"https:\/\/www.anofm.ro\/olt\/wp-json\/wp\/v2\/comments?post=5037"}],"version-history":[{"count":1,"href":"https:\/\/www.anofm.ro\/olt\/wp-json\/wp\/v2\/posts\/5037\/revisions"}],"predecessor-version":[{"id":5039,"href":"https:\/\/www.anofm.ro\/olt\/wp-json\/wp\/v2\/posts\/5037\/revisions\/5039"}],"wp:featuredmedia":[{"embeddable":true,"href":"https:\/\/www.anofm.ro\/olt\/wp-json\/wp\/v2\/media\/5028"}],"wp:attachment":[{"href":"https:\/\/www.anofm.ro\/olt\/wp-json\/wp\/v2\/media?parent=5037"}],"wp:term":[{"taxonomy":"category","embeddable":true,"href":"https:\/\/www.anofm.ro\/olt\/wp-json\/wp\/v2\/categories?post=5037"},{"taxonomy":"post_tag","embeddable":true,"href":"https:\/\/www.anofm.ro\/olt\/wp-json\/wp\/v2\/tags?post=5037"}],"curies":[{"name":"wp","href":"https:\/\/api.w.org\/{rel}","templated":true}]}}