{"id":5031,"date":"2025-03-24T10:06:50","date_gmt":"2025-03-24T08:06:50","guid":{"rendered":"https:\/\/www.anofm.ro\/olt\/?p=5031"},"modified":"2025-03-24T10:06:50","modified_gmt":"2025-03-24T08:06:50","slug":"5-programe-de-formare-profesionala-vor-incepe-in-luna-aprilie-2025-la-nivel-judetean-2","status":"publish","type":"post","link":"https:\/\/www.anofm.ro\/olt\/5-programe-de-formare-profesionala-vor-incepe-in-luna-aprilie-2025-la-nivel-judetean-2\/","title":{"rendered":"5 programe de formare profesional\u0103 vor \u00eencepe \u00een luna APRILIE 2025, la nivel jude\u0163ean"},"content":{"rendered":"\n<div data-wp-interactive=\"core\/file\" class=\"wp-block-file\"><object data-wp-bind--hidden=\"!state.hasPdfPreview\" hidden class=\"wp-block-file__embed\" data=\"https:\/\/www.anofm.ro\/olt\/wp-content\/uploads\/sites\/32\/2025\/03\/5-programe-de-formare-profesionala-vor-incepe-in-luna-APRILIE-2025-la-nivel-judetean-1.pdf\" type=\"application\/pdf\" style=\"width:100%;height:200px\" aria-label=\"\u00cenglobare pentru 5 programe de formare profesional\u0103 vor \u00eencepe \u00een luna APRILIE  2025, la nivel jude\u0163ean.\"><\/object><a id=\"wp-block-file--media-903df2af-b8e7-42b6-a7d8-7b5f6483a596\" href=\"https:\/\/www.anofm.ro\/olt\/wp-content\/uploads\/sites\/32\/2025\/03\/5-programe-de-formare-profesionala-vor-incepe-in-luna-APRILIE-2025-la-nivel-judetean-1.pdf\">5 programe de formare profesional\u0103 vor \u00eencepe \u00een luna APRILIE  2025, la nivel jude\u0163ean<\/a><a href=\"https:\/\/www.anofm.ro\/olt\/wp-content\/uploads\/sites\/32\/2025\/03\/5-programe-de-formare-profesionala-vor-incepe-in-luna-APRILIE-2025-la-nivel-judetean-1.pdf\" class=\"wp-block-file__button wp-element-button\" download aria-describedby=\"wp-block-file--media-903df2af-b8e7-42b6-a7d8-7b5f6483a596\">Descarc\u0103<\/a><\/div>\n\n\n\n<p><\/p>\n","protected":false},"excerpt":{"rendered":"<p>5 programe de formare profesional\u0103 vor \u00eencepe \u00een luna APRILIE  2025, la nivel jude\u0163ean<\/p>\n<p>La nivel jude\u0163ean, \u00een luna aprilie 2025 Agen\u0163ia Jude\u0163ean\u0103 pentru Ocuparea For\u0163ei de Munc\u0103 Olt \u00ee\u015fi propune s\u0103 organizeze 5 programe de formare profesional\u0103 pentru 70 persoane aflate \u00een c\u0103utarea unui loc de munc\u0103. <\/p>\n","protected":false},"author":158,"featured_media":5028,"comment_status":"closed","ping_status":"closed","sticky":false,"template":"","format":"standard","meta":{"footnotes":""},"categories":[31],"tags":[],"class_list":["post-5031","post","type-post","status-publish","format-standard","has-post-thumbnail","hentry","category-ultimele-noutati-slider"],"_links":{"self":[{"href":"https:\/\/www.anofm.ro\/olt\/wp-json\/wp\/v2\/posts\/5031","targetHints":{"allow":["GET"]}}],"collection":[{"href":"https:\/\/www.anofm.ro\/olt\/wp-json\/wp\/v2\/posts"}],"about":[{"href":"https:\/\/www.anofm.ro\/olt\/wp-json\/wp\/v2\/types\/post"}],"author":[{"embeddable":true,"href":"https:\/\/www.anofm.ro\/olt\/wp-json\/wp\/v2\/users\/158"}],"replies":[{"embeddable":true,"href":"https:\/\/www.anofm.ro\/olt\/wp-json\/wp\/v2\/comments?post=5031"}],"version-history":[{"count":1,"href":"https:\/\/www.anofm.ro\/olt\/wp-json\/wp\/v2\/posts\/5031\/revisions"}],"predecessor-version":[{"id":5033,"href":"https:\/\/www.anofm.ro\/olt\/wp-json\/wp\/v2\/posts\/5031\/revisions\/5033"}],"wp:featuredmedia":[{"embeddable":true,"href":"https:\/\/www.anofm.ro\/olt\/wp-json\/wp\/v2\/media\/5028"}],"wp:attachment":[{"href":"https:\/\/www.anofm.ro\/olt\/wp-json\/wp\/v2\/media?parent=5031"}],"wp:term":[{"taxonomy":"category","embeddable":true,"href":"https:\/\/www.anofm.ro\/olt\/wp-json\/wp\/v2\/categories?post=5031"},{"taxonomy":"post_tag","embeddable":true,"href":"https:\/\/www.anofm.ro\/olt\/wp-json\/wp\/v2\/tags?post=5031"}],"curies":[{"name":"wp","href":"https:\/\/api.w.org\/{rel}","templated":true}]}}