{"id":5003,"date":"2025-02-27T12:34:10","date_gmt":"2025-02-27T10:34:10","guid":{"rendered":"https:\/\/www.anofm.ro\/olt\/?p=5003"},"modified":"2025-02-27T12:34:10","modified_gmt":"2025-02-27T10:34:10","slug":"256-persoane-incadrate-prin-intermediul-ajofm-olt-in-prima-luna-a-anului-2025-3","status":"publish","type":"post","link":"https:\/\/www.anofm.ro\/olt\/256-persoane-incadrate-prin-intermediul-ajofm-olt-in-prima-luna-a-anului-2025-3\/","title":{"rendered":"256 persoane incadrate prin intermediul AJOFM Olt, \u00een prima luna a anului 2025"},"content":{"rendered":"\n<div data-wp-interactive=\"core\/file\" class=\"wp-block-file\"><object data-wp-bind--hidden=\"!state.hasPdfPreview\" hidden class=\"wp-block-file__embed\" data=\"https:\/\/www.anofm.ro\/olt\/wp-content\/uploads\/sites\/32\/2025\/02\/256-persoane-incadrate-prin-intermediul-AJOFM-Olt-in-prima-luna-a-anului-2025-2.pdf\" type=\"application\/pdf\" style=\"width:100%;height:200px\" aria-label=\"\u00cenglobare pentru 256 persoane incadrate prin intermediul AJOFM Olt, \u00een prima luna a anului 2025.\"><\/object><a id=\"wp-block-file--media-80920643-886f-44b4-b6f6-c972ca2b5c63\" href=\"https:\/\/www.anofm.ro\/olt\/wp-content\/uploads\/sites\/32\/2025\/02\/256-persoane-incadrate-prin-intermediul-AJOFM-Olt-in-prima-luna-a-anului-2025-2.pdf\">256 persoane incadrate prin intermediul AJOFM Olt, \u00een prima luna a anului 2025<\/a><a href=\"https:\/\/www.anofm.ro\/olt\/wp-content\/uploads\/sites\/32\/2025\/02\/256-persoane-incadrate-prin-intermediul-AJOFM-Olt-in-prima-luna-a-anului-2025-2.pdf\" class=\"wp-block-file__button wp-element-button\" download aria-describedby=\"wp-block-file--media-80920643-886f-44b4-b6f6-c972ca2b5c63\">Descarc\u0103<\/a><\/div>\n","protected":false},"excerpt":{"rendered":"<p>256 persoane incadrate prin intermediul AJOFM Olt, \u00een prima luna a anului 2025<\/p>\n<p>\u00cen prima luna a anului 2025, urmare a serviciilor \u015fi m\u0103surilor de stimulare a ocup\u0103rii for\u0163ei de munc\u0103 oferite de Agen\u0163ia Jude\u0163ean\u0103 pentru Ocuparea Fortei de Munca Olt, 256  persoane au fost \u00eencadrate \u00een munc\u0103. <\/p>\n","protected":false},"author":158,"featured_media":4988,"comment_status":"closed","ping_status":"closed","sticky":false,"template":"","format":"standard","meta":{"footnotes":""},"categories":[31],"tags":[],"class_list":["post-5003","post","type-post","status-publish","format-standard","has-post-thumbnail","hentry","category-ultimele-noutati-slider"],"_links":{"self":[{"href":"https:\/\/www.anofm.ro\/olt\/wp-json\/wp\/v2\/posts\/5003","targetHints":{"allow":["GET"]}}],"collection":[{"href":"https:\/\/www.anofm.ro\/olt\/wp-json\/wp\/v2\/posts"}],"about":[{"href":"https:\/\/www.anofm.ro\/olt\/wp-json\/wp\/v2\/types\/post"}],"author":[{"embeddable":true,"href":"https:\/\/www.anofm.ro\/olt\/wp-json\/wp\/v2\/users\/158"}],"replies":[{"embeddable":true,"href":"https:\/\/www.anofm.ro\/olt\/wp-json\/wp\/v2\/comments?post=5003"}],"version-history":[{"count":1,"href":"https:\/\/www.anofm.ro\/olt\/wp-json\/wp\/v2\/posts\/5003\/revisions"}],"predecessor-version":[{"id":5005,"href":"https:\/\/www.anofm.ro\/olt\/wp-json\/wp\/v2\/posts\/5003\/revisions\/5005"}],"wp:featuredmedia":[{"embeddable":true,"href":"https:\/\/www.anofm.ro\/olt\/wp-json\/wp\/v2\/media\/4988"}],"wp:attachment":[{"href":"https:\/\/www.anofm.ro\/olt\/wp-json\/wp\/v2\/media?parent=5003"}],"wp:term":[{"taxonomy":"category","embeddable":true,"href":"https:\/\/www.anofm.ro\/olt\/wp-json\/wp\/v2\/categories?post=5003"},{"taxonomy":"post_tag","embeddable":true,"href":"https:\/\/www.anofm.ro\/olt\/wp-json\/wp\/v2\/tags?post=5003"}],"curies":[{"name":"wp","href":"https:\/\/api.w.org\/{rel}","templated":true}]}}