{"id":4992,"date":"2025-02-27T11:50:43","date_gmt":"2025-02-27T09:50:43","guid":{"rendered":"https:\/\/www.anofm.ro\/olt\/?p=4992"},"modified":"2025-02-27T11:50:43","modified_gmt":"2025-02-27T09:50:43","slug":"256-persoane-incadrate-prin-intermediul-ajofm-olt-in-prima-luna-a-anului-2025-2","status":"publish","type":"post","link":"https:\/\/www.anofm.ro\/olt\/256-persoane-incadrate-prin-intermediul-ajofm-olt-in-prima-luna-a-anului-2025-2\/","title":{"rendered":"256 persoane incadrate prin intermediul AJOFM Olt, \u00een prima luna a anului 2025"},"content":{"rendered":"\n<div data-wp-interactive=\"core\/file\" class=\"wp-block-file\"><object data-wp-bind--hidden=\"!state.hasPdfPreview\" hidden class=\"wp-block-file__embed\" data=\"https:\/\/www.anofm.ro\/olt\/wp-content\/uploads\/sites\/32\/2025\/02\/256-persoane-incadrate-prin-intermediul-AJOFM-Olt-in-prima-luna-a-anului-2025-1.pdf\" type=\"application\/pdf\" style=\"width:100%;height:200px\" aria-label=\"\u00cenglobare pentru 256 persoane incadrate prin intermediul AJOFM Olt, \u00een prima luna a anului 2025.\"><\/object><a id=\"wp-block-file--media-8bd1cd6c-7166-4293-870a-5be1c1b075d4\" href=\"https:\/\/www.anofm.ro\/olt\/wp-content\/uploads\/sites\/32\/2025\/02\/256-persoane-incadrate-prin-intermediul-AJOFM-Olt-in-prima-luna-a-anului-2025-1.pdf\">256 persoane incadrate prin intermediul AJOFM Olt, \u00een prima luna a anului 2025<\/a><a href=\"https:\/\/www.anofm.ro\/olt\/wp-content\/uploads\/sites\/32\/2025\/02\/256-persoane-incadrate-prin-intermediul-AJOFM-Olt-in-prima-luna-a-anului-2025-1.pdf\" class=\"wp-block-file__button wp-element-button\" download aria-describedby=\"wp-block-file--media-8bd1cd6c-7166-4293-870a-5be1c1b075d4\">Descarc\u0103<\/a><\/div>\n","protected":false},"excerpt":{"rendered":"<p>256 persoane incadrate prin intermediul AJOFM Olt, \u00een prima luna a anului 2025<\/p>\n<p>\u00cen prima luna a anului 2025, urmare a serviciilor \u015fi m\u0103surilor de stimulare a ocup\u0103rii for\u0163ei de munc\u0103 oferite de Agen\u0163ia Jude\u0163ean\u0103 pentru Ocuparea Fortei de Munca Olt, 256  persoane au fost \u00eencadrate \u00een munc\u0103. <\/p>\n","protected":false},"author":158,"featured_media":4988,"comment_status":"closed","ping_status":"closed","sticky":false,"template":"","format":"standard","meta":{"footnotes":""},"categories":[9],"tags":[],"class_list":["post-4992","post","type-post","status-publish","format-standard","has-post-thumbnail","hentry","category-comunicate-de-presa"],"_links":{"self":[{"href":"https:\/\/www.anofm.ro\/olt\/wp-json\/wp\/v2\/posts\/4992","targetHints":{"allow":["GET"]}}],"collection":[{"href":"https:\/\/www.anofm.ro\/olt\/wp-json\/wp\/v2\/posts"}],"about":[{"href":"https:\/\/www.anofm.ro\/olt\/wp-json\/wp\/v2\/types\/post"}],"author":[{"embeddable":true,"href":"https:\/\/www.anofm.ro\/olt\/wp-json\/wp\/v2\/users\/158"}],"replies":[{"embeddable":true,"href":"https:\/\/www.anofm.ro\/olt\/wp-json\/wp\/v2\/comments?post=4992"}],"version-history":[{"count":1,"href":"https:\/\/www.anofm.ro\/olt\/wp-json\/wp\/v2\/posts\/4992\/revisions"}],"predecessor-version":[{"id":4994,"href":"https:\/\/www.anofm.ro\/olt\/wp-json\/wp\/v2\/posts\/4992\/revisions\/4994"}],"wp:featuredmedia":[{"embeddable":true,"href":"https:\/\/www.anofm.ro\/olt\/wp-json\/wp\/v2\/media\/4988"}],"wp:attachment":[{"href":"https:\/\/www.anofm.ro\/olt\/wp-json\/wp\/v2\/media?parent=4992"}],"wp:term":[{"taxonomy":"category","embeddable":true,"href":"https:\/\/www.anofm.ro\/olt\/wp-json\/wp\/v2\/categories?post=4992"},{"taxonomy":"post_tag","embeddable":true,"href":"https:\/\/www.anofm.ro\/olt\/wp-json\/wp\/v2\/tags?post=4992"}],"curies":[{"name":"wp","href":"https:\/\/api.w.org\/{rel}","templated":true}]}}