{"id":4978,"date":"2025-02-27T09:58:56","date_gmt":"2025-02-27T07:58:56","guid":{"rendered":"https:\/\/www.anofm.ro\/olt\/?p=4978"},"modified":"2025-02-27T10:11:11","modified_gmt":"2025-02-27T08:11:11","slug":"4978-2","status":"publish","type":"post","link":"https:\/\/www.anofm.ro\/olt\/4978-2\/","title":{"rendered":"5,61 % &#8211; rata \u015fomajului \u00eenregistrat \u00een eviden\u0163ele AJOFM Olt \u00een luna ianuarie 2025"},"content":{"rendered":"\n<p>5,61 % &#8211; rata \u015fomajului \u00eenregistrat \u00een eviden\u0163ele AJOFM Olt \u00een luna ianuarie 2025<\/p>\n\n\n\n<div data-wp-interactive=\"core\/file\" class=\"wp-block-file\"><object data-wp-bind--hidden=\"!state.hasPdfPreview\" hidden class=\"wp-block-file__embed\" data=\"https:\/\/www.anofm.ro\/olt\/wp-content\/uploads\/sites\/32\/2025\/02\/561-rata-somajului-inregistrat-in-evidentele-AJOFM-Olt-in-luna-ianuarie-2025-1.pdf\" type=\"application\/pdf\" style=\"width:100%;height:200px\" aria-label=\"\u00cenglobare pentru 5,61 % -  rata \u015fomajului \u00eenregistrat \u00een eviden\u0163ele AJOFM  Olt \u00een luna  ianuarie  2025.\"><\/object><a id=\"wp-block-file--media-5978852b-b983-4e0e-835f-7e2bd6937012\" href=\"https:\/\/www.anofm.ro\/olt\/wp-content\/uploads\/sites\/32\/2025\/02\/561-rata-somajului-inregistrat-in-evidentele-AJOFM-Olt-in-luna-ianuarie-2025-1.pdf\">5,61 % &#8211;  rata \u015fomajului \u00eenregistrat \u00een eviden\u0163ele AJOFM  Olt \u00een luna  ianuarie  2025<\/a><a href=\"https:\/\/www.anofm.ro\/olt\/wp-content\/uploads\/sites\/32\/2025\/02\/561-rata-somajului-inregistrat-in-evidentele-AJOFM-Olt-in-luna-ianuarie-2025-1.pdf\" class=\"wp-block-file__button wp-element-button\" download aria-describedby=\"wp-block-file--media-5978852b-b983-4e0e-835f-7e2bd6937012\">Descarc\u0103<\/a><\/div>\n","protected":false},"excerpt":{"rendered":"<p>5,61 % &#8211;  rata \u015fomajului \u00eenregistrat \u00een eviden\u0163ele AJOFM  Olt \u00een luna  ianuarie  2025<\/p>\n<p>5,61 % &#8211;  rata \u015fomajului \u00eenregistrat \u00een eviden\u0163ele AJOFM  Olt \u00een luna  IANUARIE 2025<br \/>\nLa sf\u00e2r\u0219itul lunii IANUARIE 2025 \u00een eviden\u021bele Agen\u021biei Jude\u021bene pentru Ocuparea For\u021bei de Munc\u0103 Olt, erau \u00eenregistra\u021bi  7.320  \u0219omeri (din care 3.209   femei), rata \u0219omajului fiind de 5,61 % .<\/p>\n","protected":false},"author":158,"featured_media":4976,"comment_status":"closed","ping_status":"closed","sticky":false,"template":"","format":"standard","meta":{"footnotes":""},"categories":[9],"tags":[],"class_list":["post-4978","post","type-post","status-publish","format-standard","has-post-thumbnail","hentry","category-comunicate-de-presa"],"_links":{"self":[{"href":"https:\/\/www.anofm.ro\/olt\/wp-json\/wp\/v2\/posts\/4978","targetHints":{"allow":["GET"]}}],"collection":[{"href":"https:\/\/www.anofm.ro\/olt\/wp-json\/wp\/v2\/posts"}],"about":[{"href":"https:\/\/www.anofm.ro\/olt\/wp-json\/wp\/v2\/types\/post"}],"author":[{"embeddable":true,"href":"https:\/\/www.anofm.ro\/olt\/wp-json\/wp\/v2\/users\/158"}],"replies":[{"embeddable":true,"href":"https:\/\/www.anofm.ro\/olt\/wp-json\/wp\/v2\/comments?post=4978"}],"version-history":[{"count":2,"href":"https:\/\/www.anofm.ro\/olt\/wp-json\/wp\/v2\/posts\/4978\/revisions"}],"predecessor-version":[{"id":4982,"href":"https:\/\/www.anofm.ro\/olt\/wp-json\/wp\/v2\/posts\/4978\/revisions\/4982"}],"wp:featuredmedia":[{"embeddable":true,"href":"https:\/\/www.anofm.ro\/olt\/wp-json\/wp\/v2\/media\/4976"}],"wp:attachment":[{"href":"https:\/\/www.anofm.ro\/olt\/wp-json\/wp\/v2\/media?parent=4978"}],"wp:term":[{"taxonomy":"category","embeddable":true,"href":"https:\/\/www.anofm.ro\/olt\/wp-json\/wp\/v2\/categories?post=4978"},{"taxonomy":"post_tag","embeddable":true,"href":"https:\/\/www.anofm.ro\/olt\/wp-json\/wp\/v2\/tags?post=4978"}],"curies":[{"name":"wp","href":"https:\/\/api.w.org\/{rel}","templated":true}]}}