{"id":4896,"date":"2025-02-21T11:30:56","date_gmt":"2025-02-21T09:30:56","guid":{"rendered":"https:\/\/www.anofm.ro\/olt\/?p=4896"},"modified":"2025-02-21T11:30:56","modified_gmt":"2025-02-21T09:30:56","slug":"4-programe-de-formare-profesionala-vor-incepe-in-luna-martie-2025-la-nivel-judetean-3","status":"publish","type":"post","link":"https:\/\/www.anofm.ro\/olt\/4-programe-de-formare-profesionala-vor-incepe-in-luna-martie-2025-la-nivel-judetean-3\/","title":{"rendered":"4 programe de formare profesional\u0103 vor \u00eencepe \u00een luna MARTIE 2025, la nivel jude\u0163ean"},"content":{"rendered":"\n<div data-wp-interactive=\"core\/file\" class=\"wp-block-file\"><object data-wp-bind--hidden=\"!state.hasPdfPreview\" hidden class=\"wp-block-file__embed\" data=\"https:\/\/www.anofm.ro\/olt\/wp-content\/uploads\/sites\/32\/2025\/02\/4-programe-de-formare-profesionala-vor-incepe-in-luna-MARTIE-2025-la-nivel-judetean-2.pdf\" type=\"application\/pdf\" style=\"width:100%;height:200px\" aria-label=\"\u00cenglobare pentru 4 programe de formare profesional\u0103 vor \u00eencepe \u00een luna MARTIE  2025, la nivel jude\u0163ean.\"><\/object><a id=\"wp-block-file--media-db54e716-eabb-458e-bfa7-86c94a198c93\" href=\"https:\/\/www.anofm.ro\/olt\/wp-content\/uploads\/sites\/32\/2025\/02\/4-programe-de-formare-profesionala-vor-incepe-in-luna-MARTIE-2025-la-nivel-judetean-2.pdf\">4 programe de formare profesional\u0103 vor \u00eencepe \u00een luna MARTIE  2025, la nivel jude\u0163ean<\/a><a href=\"https:\/\/www.anofm.ro\/olt\/wp-content\/uploads\/sites\/32\/2025\/02\/4-programe-de-formare-profesionala-vor-incepe-in-luna-MARTIE-2025-la-nivel-judetean-2.pdf\" class=\"wp-block-file__button wp-element-button\" download aria-describedby=\"wp-block-file--media-db54e716-eabb-458e-bfa7-86c94a198c93\">Descarc\u0103<\/a><\/div>\n\n\n\n<p><\/p>\n","protected":false},"excerpt":{"rendered":"<p>4 programe de formare profesional\u0103 vor \u00eencepe \u00een luna MARTIE  2025, la nivel jude\u0163ean<\/p>\n<p>La nivel jude\u0163ean, \u00een luna martie 2025 Agen\u0163ia Jude\u0163ean\u0103 pentru Ocuparea For\u0163ei de Munc\u0103 Olt \u00ee\u015fi propune s\u0103 organizeze 4 programe de formare profesional\u0103 pentru 56 persoane aflate \u00een c\u0103utarea unui loc de munc\u0103.<br \/>\nPrincipalele meserii\\ocupa\u0163ii, \u00een func\u0163ie de num\u0103rul de participan\u0163i, pentru care se vor organiza programe de formare profesional\u0103 gratuite pentru \u015fomeri sunt:<br \/>\n\uf0fc\tLucr\u0103tor comercial \u2013 28 persoane(14 persoane Slatina\/14 persoane Caracal)<br \/>\n\uf0fc\tOsp\u0103tar-chelner \u2013 28 persoane(14 persoane Slatina\/14 persoane Caracal)<\/p>\n","protected":false},"author":158,"featured_media":4874,"comment_status":"closed","ping_status":"closed","sticky":false,"template":"","format":"standard","meta":{"footnotes":""},"categories":[11],"tags":[],"class_list":["post-4896","post","type-post","status-publish","format-standard","has-post-thumbnail","hentry","category-cursuri-de-formare-profesionala"],"_links":{"self":[{"href":"https:\/\/www.anofm.ro\/olt\/wp-json\/wp\/v2\/posts\/4896","targetHints":{"allow":["GET"]}}],"collection":[{"href":"https:\/\/www.anofm.ro\/olt\/wp-json\/wp\/v2\/posts"}],"about":[{"href":"https:\/\/www.anofm.ro\/olt\/wp-json\/wp\/v2\/types\/post"}],"author":[{"embeddable":true,"href":"https:\/\/www.anofm.ro\/olt\/wp-json\/wp\/v2\/users\/158"}],"replies":[{"embeddable":true,"href":"https:\/\/www.anofm.ro\/olt\/wp-json\/wp\/v2\/comments?post=4896"}],"version-history":[{"count":1,"href":"https:\/\/www.anofm.ro\/olt\/wp-json\/wp\/v2\/posts\/4896\/revisions"}],"predecessor-version":[{"id":4898,"href":"https:\/\/www.anofm.ro\/olt\/wp-json\/wp\/v2\/posts\/4896\/revisions\/4898"}],"wp:featuredmedia":[{"embeddable":true,"href":"https:\/\/www.anofm.ro\/olt\/wp-json\/wp\/v2\/media\/4874"}],"wp:attachment":[{"href":"https:\/\/www.anofm.ro\/olt\/wp-json\/wp\/v2\/media?parent=4896"}],"wp:term":[{"taxonomy":"category","embeddable":true,"href":"https:\/\/www.anofm.ro\/olt\/wp-json\/wp\/v2\/categories?post=4896"},{"taxonomy":"post_tag","embeddable":true,"href":"https:\/\/www.anofm.ro\/olt\/wp-json\/wp\/v2\/tags?post=4896"}],"curies":[{"name":"wp","href":"https:\/\/api.w.org\/{rel}","templated":true}]}}