{"id":4880,"date":"2025-02-17T15:10:34","date_gmt":"2025-02-17T13:10:34","guid":{"rendered":"https:\/\/www.anofm.ro\/olt\/?p=4880"},"modified":"2025-02-17T15:10:34","modified_gmt":"2025-02-17T13:10:34","slug":"comunicat-de-presa-4-programe-de-formare-profesionala-vor-incepe-in-luna-martie-2025-la-nivel-judetean","status":"publish","type":"post","link":"https:\/\/www.anofm.ro\/olt\/comunicat-de-presa-4-programe-de-formare-profesionala-vor-incepe-in-luna-martie-2025-la-nivel-judetean\/","title":{"rendered":"comunicat de presa &#8211; 4 programe de formare profesional\u0103 vor \u00eencepe \u00een luna MARTIE 2025, la nivel jude\u0163ean"},"content":{"rendered":"\n<div data-wp-interactive=\"core\/file\" class=\"wp-block-file\"><object data-wp-bind--hidden=\"!state.hasPdfPreview\" hidden class=\"wp-block-file__embed\" data=\"https:\/\/www.anofm.ro\/olt\/wp-content\/uploads\/sites\/32\/2025\/02\/comunicat-de-presa-4-programe-de-formare-profesionala-vor-incepe-in-luna-MARTIE-2025-la-nivel-judetean-2.pdf\" type=\"application\/pdf\" style=\"width:100%;height:200px\" aria-label=\"\u00cenglobare pentru comunicat de presa - 4 programe de formare profesional\u0103 vor \u00eencepe \u00een luna MARTIE  2025, la nivel jude\u0163ean.\"><\/object><a id=\"wp-block-file--media-c458e3dd-295f-4ed8-9fde-2257a4f7a46d\" href=\"https:\/\/www.anofm.ro\/olt\/wp-content\/uploads\/sites\/32\/2025\/02\/comunicat-de-presa-4-programe-de-formare-profesionala-vor-incepe-in-luna-MARTIE-2025-la-nivel-judetean-2.pdf\">comunicat de presa &#8211; 4 programe de formare profesional\u0103 vor \u00eencepe \u00een luna MARTIE  2025, la nivel jude\u0163ean<\/a><a href=\"https:\/\/www.anofm.ro\/olt\/wp-content\/uploads\/sites\/32\/2025\/02\/comunicat-de-presa-4-programe-de-formare-profesionala-vor-incepe-in-luna-MARTIE-2025-la-nivel-judetean-2.pdf\" class=\"wp-block-file__button wp-element-button\" download aria-describedby=\"wp-block-file--media-c458e3dd-295f-4ed8-9fde-2257a4f7a46d\">Descarc\u0103<\/a><\/div>\n\n\n\n<p><\/p>\n","protected":false},"excerpt":{"rendered":"<p> 4 programe de formare profesional\u0103 vor \u00eencepe \u00een luna MARTIE  2025, la nivel jude\u0163ean<\/p>\n<p>La nivel jude\u0163ean, \u00een luna martie 2025 Agen\u0163ia Jude\u0163ean\u0103 pentru Ocuparea For\u0163ei de Munc\u0103 Olt \u00ee\u015fi propune s\u0103 organizeze 4 programe de formare profesional\u0103 pentru 56 persoane aflate \u00een c\u0103utarea unui loc de munc\u0103. <\/p>\n","protected":false},"author":158,"featured_media":4874,"comment_status":"closed","ping_status":"closed","sticky":false,"template":"","format":"standard","meta":{"footnotes":""},"categories":[9],"tags":[],"class_list":["post-4880","post","type-post","status-publish","format-standard","has-post-thumbnail","hentry","category-comunicate-de-presa"],"_links":{"self":[{"href":"https:\/\/www.anofm.ro\/olt\/wp-json\/wp\/v2\/posts\/4880","targetHints":{"allow":["GET"]}}],"collection":[{"href":"https:\/\/www.anofm.ro\/olt\/wp-json\/wp\/v2\/posts"}],"about":[{"href":"https:\/\/www.anofm.ro\/olt\/wp-json\/wp\/v2\/types\/post"}],"author":[{"embeddable":true,"href":"https:\/\/www.anofm.ro\/olt\/wp-json\/wp\/v2\/users\/158"}],"replies":[{"embeddable":true,"href":"https:\/\/www.anofm.ro\/olt\/wp-json\/wp\/v2\/comments?post=4880"}],"version-history":[{"count":1,"href":"https:\/\/www.anofm.ro\/olt\/wp-json\/wp\/v2\/posts\/4880\/revisions"}],"predecessor-version":[{"id":4882,"href":"https:\/\/www.anofm.ro\/olt\/wp-json\/wp\/v2\/posts\/4880\/revisions\/4882"}],"wp:featuredmedia":[{"embeddable":true,"href":"https:\/\/www.anofm.ro\/olt\/wp-json\/wp\/v2\/media\/4874"}],"wp:attachment":[{"href":"https:\/\/www.anofm.ro\/olt\/wp-json\/wp\/v2\/media?parent=4880"}],"wp:term":[{"taxonomy":"category","embeddable":true,"href":"https:\/\/www.anofm.ro\/olt\/wp-json\/wp\/v2\/categories?post=4880"},{"taxonomy":"post_tag","embeddable":true,"href":"https:\/\/www.anofm.ro\/olt\/wp-json\/wp\/v2\/tags?post=4880"}],"curies":[{"name":"wp","href":"https:\/\/api.w.org\/{rel}","templated":true}]}}