{"id":4735,"date":"2025-01-23T16:32:11","date_gmt":"2025-01-23T14:32:11","guid":{"rendered":"https:\/\/www.anofm.ro\/olt\/?p=4735"},"modified":"2025-01-23T16:32:11","modified_gmt":"2025-01-23T14:32:11","slug":"comunicat-de-presa-4-460-persoane-incadrate-prin-intermediul-ajofm-olt-in-anul-2024","status":"publish","type":"post","link":"https:\/\/www.anofm.ro\/olt\/comunicat-de-presa-4-460-persoane-incadrate-prin-intermediul-ajofm-olt-in-anul-2024\/","title":{"rendered":"comunicat de presa &#8211; 4.460 persoane \u00eencadrate prin intermediul AJOFM Olt, \u00een anul 2024"},"content":{"rendered":"\n<div data-wp-interactive=\"core\/file\" class=\"wp-block-file\"><object data-wp-bind--hidden=\"!state.hasPdfPreview\" hidden class=\"wp-block-file__embed\" data=\"https:\/\/www.anofm.ro\/olt\/wp-content\/uploads\/sites\/32\/2025\/01\/comunicat-de-presa-4.460-persoane-incadrate-prin-intermediul-AJOFM-Olt-in-anul-2024.pdf\" type=\"application\/pdf\" style=\"width:100%;height:200px\" aria-label=\"\u00cenglobare pentru comunicat de presa - 4.460 persoane \u00eencadrate prin intermediul AJOFM Olt, \u00een anul 2024.\"><\/object><a id=\"wp-block-file--media-5881bdc7-b338-4721-973f-275f03510845\" href=\"https:\/\/www.anofm.ro\/olt\/wp-content\/uploads\/sites\/32\/2025\/01\/comunicat-de-presa-4.460-persoane-incadrate-prin-intermediul-AJOFM-Olt-in-anul-2024.pdf\">comunicat de presa &#8211; 4.460 persoane \u00eencadrate prin intermediul AJOFM Olt, \u00een anul 2024<\/a><a href=\"https:\/\/www.anofm.ro\/olt\/wp-content\/uploads\/sites\/32\/2025\/01\/comunicat-de-presa-4.460-persoane-incadrate-prin-intermediul-AJOFM-Olt-in-anul-2024.pdf\" class=\"wp-block-file__button wp-element-button\" download aria-describedby=\"wp-block-file--media-5881bdc7-b338-4721-973f-275f03510845\">Descarc\u0103<\/a><\/div>\n","protected":false},"excerpt":{"rendered":"<p>comunicat de presa &#8211; 4.460 persoane \u00eencadrate prin intermediul AJOFM Olt, \u00een anul 2024<\/p>\n<p>\u00cen anul 2024, urmare a serviciilor \u015fi m\u0103surilor de stimulare a ocup\u0103rii for\u0163ei de munc\u0103 oferite de Agen\u0163ia Jude\u0163ean\u0103 pentru Ocuparea Fortei de Munca Olt, 4.460  persoane au fost \u00eencadrate \u00een munc\u0103. <\/p>\n","protected":false},"author":158,"featured_media":0,"comment_status":"closed","ping_status":"closed","sticky":false,"template":"","format":"standard","meta":{"footnotes":""},"categories":[9],"tags":[],"class_list":["post-4735","post","type-post","status-publish","format-standard","hentry","category-comunicate-de-presa"],"_links":{"self":[{"href":"https:\/\/www.anofm.ro\/olt\/wp-json\/wp\/v2\/posts\/4735","targetHints":{"allow":["GET"]}}],"collection":[{"href":"https:\/\/www.anofm.ro\/olt\/wp-json\/wp\/v2\/posts"}],"about":[{"href":"https:\/\/www.anofm.ro\/olt\/wp-json\/wp\/v2\/types\/post"}],"author":[{"embeddable":true,"href":"https:\/\/www.anofm.ro\/olt\/wp-json\/wp\/v2\/users\/158"}],"replies":[{"embeddable":true,"href":"https:\/\/www.anofm.ro\/olt\/wp-json\/wp\/v2\/comments?post=4735"}],"version-history":[{"count":1,"href":"https:\/\/www.anofm.ro\/olt\/wp-json\/wp\/v2\/posts\/4735\/revisions"}],"predecessor-version":[{"id":4737,"href":"https:\/\/www.anofm.ro\/olt\/wp-json\/wp\/v2\/posts\/4735\/revisions\/4737"}],"wp:attachment":[{"href":"https:\/\/www.anofm.ro\/olt\/wp-json\/wp\/v2\/media?parent=4735"}],"wp:term":[{"taxonomy":"category","embeddable":true,"href":"https:\/\/www.anofm.ro\/olt\/wp-json\/wp\/v2\/categories?post=4735"},{"taxonomy":"post_tag","embeddable":true,"href":"https:\/\/www.anofm.ro\/olt\/wp-json\/wp\/v2\/tags?post=4735"}],"curies":[{"name":"wp","href":"https:\/\/api.w.org\/{rel}","templated":true}]}}