{"id":4688,"date":"2025-01-16T13:24:53","date_gmt":"2025-01-16T11:24:53","guid":{"rendered":"https:\/\/www.anofm.ro\/olt\/?p=4688"},"modified":"2025-01-16T13:24:53","modified_gmt":"2025-01-16T11:24:53","slug":"3-programe-de-formare-profesionala-vor-incepe-in-luna-februarie-2025-la-nivel-judetean","status":"publish","type":"post","link":"https:\/\/www.anofm.ro\/olt\/3-programe-de-formare-profesionala-vor-incepe-in-luna-februarie-2025-la-nivel-judetean\/","title":{"rendered":"3 programe de formare profesional\u0103 vor \u00eencepe \u00een luna FEBRUARIE 2025, la nivel jude\u0163ean"},"content":{"rendered":"\n<div data-wp-interactive=\"core\/file\" class=\"wp-block-file\"><object data-wp-bind--hidden=\"!state.hasPdfPreview\" hidden class=\"wp-block-file__embed\" data=\"https:\/\/www.anofm.ro\/olt\/wp-content\/uploads\/sites\/32\/2025\/01\/3-programe-de-formare-profesionala-vor-incepe-in-luna-FEBRUARIE-2025-la-nivel-judetean.pdf\" type=\"application\/pdf\" style=\"width:100%;height:200px\" aria-label=\"\u00cenglobare pentru 3 programe de formare profesional\u0103 vor \u00eencepe \u00een luna FEBRUARIE  2025, la nivel jude\u0163ean.\"><\/object><a id=\"wp-block-file--media-499b6725-d669-413d-9415-4203eca9576d\" href=\"https:\/\/www.anofm.ro\/olt\/wp-content\/uploads\/sites\/32\/2025\/01\/3-programe-de-formare-profesionala-vor-incepe-in-luna-FEBRUARIE-2025-la-nivel-judetean.pdf\">3 programe de formare profesional\u0103 vor \u00eencepe \u00een luna FEBRUARIE  2025, la nivel jude\u0163ean<\/a><a href=\"https:\/\/www.anofm.ro\/olt\/wp-content\/uploads\/sites\/32\/2025\/01\/3-programe-de-formare-profesionala-vor-incepe-in-luna-FEBRUARIE-2025-la-nivel-judetean.pdf\" class=\"wp-block-file__button wp-element-button\" download aria-describedby=\"wp-block-file--media-499b6725-d669-413d-9415-4203eca9576d\">Descarc\u0103<\/a><\/div>\n\n\n\n<p><\/p>\n","protected":false},"excerpt":{"rendered":"<p>3 programe de formare profesional\u0103 vor \u00eencepe \u00een luna FEBRUARIE  2025, la nivel jude\u0163ean<\/p>\n<p>La nivel jude\u0163ean, \u00een luna februarie 2025 Agen\u0163ia Jude\u0163ean\u0103 pentru Ocuparea For\u0163ei de Munc\u0103 Olt \u00ee\u015fi propune s\u0103 organizeze 3 programe de formare profesional\u0103 pentru 42 persoane aflate \u00een c\u0103utarea unui loc de munc\u0103. <\/p>\n","protected":false},"author":158,"featured_media":4690,"comment_status":"closed","ping_status":"closed","sticky":false,"template":"","format":"standard","meta":{"footnotes":""},"categories":[11],"tags":[],"class_list":["post-4688","post","type-post","status-publish","format-standard","has-post-thumbnail","hentry","category-cursuri-de-formare-profesionala"],"_links":{"self":[{"href":"https:\/\/www.anofm.ro\/olt\/wp-json\/wp\/v2\/posts\/4688","targetHints":{"allow":["GET"]}}],"collection":[{"href":"https:\/\/www.anofm.ro\/olt\/wp-json\/wp\/v2\/posts"}],"about":[{"href":"https:\/\/www.anofm.ro\/olt\/wp-json\/wp\/v2\/types\/post"}],"author":[{"embeddable":true,"href":"https:\/\/www.anofm.ro\/olt\/wp-json\/wp\/v2\/users\/158"}],"replies":[{"embeddable":true,"href":"https:\/\/www.anofm.ro\/olt\/wp-json\/wp\/v2\/comments?post=4688"}],"version-history":[{"count":1,"href":"https:\/\/www.anofm.ro\/olt\/wp-json\/wp\/v2\/posts\/4688\/revisions"}],"predecessor-version":[{"id":4691,"href":"https:\/\/www.anofm.ro\/olt\/wp-json\/wp\/v2\/posts\/4688\/revisions\/4691"}],"wp:featuredmedia":[{"embeddable":true,"href":"https:\/\/www.anofm.ro\/olt\/wp-json\/wp\/v2\/media\/4690"}],"wp:attachment":[{"href":"https:\/\/www.anofm.ro\/olt\/wp-json\/wp\/v2\/media?parent=4688"}],"wp:term":[{"taxonomy":"category","embeddable":true,"href":"https:\/\/www.anofm.ro\/olt\/wp-json\/wp\/v2\/categories?post=4688"},{"taxonomy":"post_tag","embeddable":true,"href":"https:\/\/www.anofm.ro\/olt\/wp-json\/wp\/v2\/tags?post=4688"}],"curies":[{"name":"wp","href":"https:\/\/api.w.org\/{rel}","templated":true}]}}