{"id":4661,"date":"2024-12-23T13:26:39","date_gmt":"2024-12-23T11:26:39","guid":{"rendered":"https:\/\/www.anofm.ro\/olt\/?p=4661"},"modified":"2024-12-23T13:26:39","modified_gmt":"2024-12-23T11:26:39","slug":"3-programe-de-formare-profesionala-vor-incepe-in-luna-ianuarie-2025-la-nivel-judetean","status":"publish","type":"post","link":"https:\/\/www.anofm.ro\/olt\/3-programe-de-formare-profesionala-vor-incepe-in-luna-ianuarie-2025-la-nivel-judetean\/","title":{"rendered":"3 programe de formare profesional\u0103 vor \u00eencepe \u00een luna ianuarie 2025, la nivel jude\u0163ean"},"content":{"rendered":"\n<div class=\"wp-block-file\"><a id=\"wp-block-file--media-6fedc804-946c-46e2-a206-2acd915cc154\" href=\"https:\/\/www.anofm.ro\/olt\/wp-content\/uploads\/sites\/32\/2024\/12\/3-programe-de-formare-profesionala-vor-incepe-in-luna-ianuarie-2025-la-nivel-judetean.odt\">3 programe de formare profesional\u0103 vor \u00eencepe \u00een luna ianuarie  2025, la nivel jude\u0163ean<\/a><a href=\"https:\/\/www.anofm.ro\/olt\/wp-content\/uploads\/sites\/32\/2024\/12\/3-programe-de-formare-profesionala-vor-incepe-in-luna-ianuarie-2025-la-nivel-judetean.odt\" class=\"wp-block-file__button wp-element-button\" download aria-describedby=\"wp-block-file--media-6fedc804-946c-46e2-a206-2acd915cc154\">Descarc\u0103<\/a><\/div>\n","protected":false},"excerpt":{"rendered":"<p>3 programe de formare profesional\u0103 vor \u00eencepe \u00een luna ianuarie  2025, la nivel jude\u0163ean<\/p>\n<p>La nivel jude\u0163ean, \u00een luna ianuarie 2024 Agen\u0163ia Jude\u0163ean\u0103 pentru Ocuparea For\u0163ei de Munc\u0103 Olt \u00ee\u015fi propune s\u0103 organizeze 3 programe de formare profesional\u0103 pentru 42 persoane aflate \u00een c\u0103utarea unui loc de munc\u0103. <\/p>\n","protected":false},"author":158,"featured_media":4659,"comment_status":"closed","ping_status":"closed","sticky":false,"template":"","format":"standard","meta":{"footnotes":""},"categories":[32],"tags":[],"class_list":["post-4661","post","type-post","status-publish","format-standard","has-post-thumbnail","hentry","category-ultimele-noutati"],"_links":{"self":[{"href":"https:\/\/www.anofm.ro\/olt\/wp-json\/wp\/v2\/posts\/4661","targetHints":{"allow":["GET"]}}],"collection":[{"href":"https:\/\/www.anofm.ro\/olt\/wp-json\/wp\/v2\/posts"}],"about":[{"href":"https:\/\/www.anofm.ro\/olt\/wp-json\/wp\/v2\/types\/post"}],"author":[{"embeddable":true,"href":"https:\/\/www.anofm.ro\/olt\/wp-json\/wp\/v2\/users\/158"}],"replies":[{"embeddable":true,"href":"https:\/\/www.anofm.ro\/olt\/wp-json\/wp\/v2\/comments?post=4661"}],"version-history":[{"count":1,"href":"https:\/\/www.anofm.ro\/olt\/wp-json\/wp\/v2\/posts\/4661\/revisions"}],"predecessor-version":[{"id":4663,"href":"https:\/\/www.anofm.ro\/olt\/wp-json\/wp\/v2\/posts\/4661\/revisions\/4663"}],"wp:featuredmedia":[{"embeddable":true,"href":"https:\/\/www.anofm.ro\/olt\/wp-json\/wp\/v2\/media\/4659"}],"wp:attachment":[{"href":"https:\/\/www.anofm.ro\/olt\/wp-json\/wp\/v2\/media?parent=4661"}],"wp:term":[{"taxonomy":"category","embeddable":true,"href":"https:\/\/www.anofm.ro\/olt\/wp-json\/wp\/v2\/categories?post=4661"},{"taxonomy":"post_tag","embeddable":true,"href":"https:\/\/www.anofm.ro\/olt\/wp-json\/wp\/v2\/tags?post=4661"}],"curies":[{"name":"wp","href":"https:\/\/api.w.org\/{rel}","templated":true}]}}