{"id":46,"date":"2019-05-28T00:00:00","date_gmt":"2019-05-27T21:00:00","guid":{"rendered":"https:\/\/www.anofm.ro\/olt\/actimob-neets-activare-si-mobilitate-tineri-neets\/"},"modified":"2019-05-28T00:00:00","modified_gmt":"2019-05-27T21:00:00","slug":"actimob-neets-activare-si-mobilitate-tineri-neets","status":"publish","type":"post","link":"https:\/\/www.anofm.ro\/olt\/actimob-neets-activare-si-mobilitate-tineri-neets\/","title":{"rendered":"ACTIMOB NEETs &#8211; Activare si Mobilitate tineri NEETs"},"content":{"rendered":"<p><span>Agen\u021bia Na\u021bional\u0103 pentru Ocuparea For\u021bei de Munc\u0103 (ANOFM)<br \/>\nimplementeaz\u0103 pe o perioad\u0103 de 60 de luni, \u00eencep\u00e2nd cu data de 16 mai<br \/>\n2019, proiectul \u201eACTIMOB NEETs\u2013Activare \u015fi mobilitate tineri NEETs&#8221; \u2013<br \/>\ncod POCU\/519\/1\/1\/129203,\u00a0 cofinan\u021bat din Fondul Social European (FSE),<br \/>\nprin Programul Opera\u021bional Capital Uman 2014-2020 (POCU).<\/span><\/p>\n<p><span>Proiectul<br \/>\n se subscrie obiectivului POCU de asigurare a integr\u0103rii durabile pe<br \/>\npia\u021ba muncii a tinerilor NEETs contribuind la cre\u0219terea ocup\u0103rii<br \/>\ntinerilor care nu au un loc de munc\u0103, nu sunt \u00eentr-o form\u0103 de educa\u021bie<br \/>\n\u0219i nu urmeaz\u0103 cursuri de formare profesional\u0103, precum \u0219i la reducerea<br \/>\nreticen\u021bei angajatorilor de a angaja tineri f\u0103r\u0103 experien\u021b\u0103 de munc\u0103.<\/span><\/p>\n<p><span>Prin<br \/>\n intermediul acestui proiect, ANOFM \u0219i-a propus s\u0103 contribuie la<br \/>\ncre\u0219terea oportunit\u0103\u021bilor pentru \u00eencadrarea a 10.728 tineri NEETs<br \/>\n\u0219omeri, cu v\u00e2rsta \u00eentre 16 &#8211; 24 ani, cu domiciliul sau re\u0219edin\u021ba \u00een<br \/>\nregiunile Sud-Vest Oltenia, Sud \u2013 Muntenia, Sud-Est, \u00eenregistra\u021bi la<br \/>\nagen\u021biile pentru ocuparea for\u021bei de munc\u0103.<\/span><\/p>\n<p><a href=\"\/upload\/6856\/COMUNICAT_incepere_proiect_ACTIMOB-Neets2.pdf\">Informare &#8211;\u00a0ACTIMOB NEETs<\/a><\/p>\n<p><span><a href=\"\/upload\/6856\/Informare_protectie_dateGDPR_Actimob_Neets.pdf\">Informare GDPR<\/a><\/span><\/p>\n<p><a href=\"\/upload\/6856\/Brosura_prezentare_proiect_-_ACTIMOB_NEETs_-_Activare_si_mobilitate_tineri_NEETs.pdf\">Brosura prezentare proiect &#8211; ACTIMOB NEETs &#8211; &#8222;Activare si mobilitate tineri NEETs&#8221;<\/a><\/p>\n<\/p>\n<p><a href=\"\/upload\/6856\/Informare_sprijin_financiar.pdf\">Informare_sprijin_financiar.pdf<\/a> <\/p>\n<div class=\"file-list-wrap\">\n<ul class=\"file-list\">\n<li><a href=\"\/upload2\/Olt\/6856\/20220316_Informare_realizari__martie_2022.pdf\" download>20220316_Informare_realizari__martie_2022.pdf<\/a><\/li>\n<li><a href=\"\/upload2\/Olt\/6856\/___6856_20220714_220616_Raport_anual_activitate_mai_2022_cu_obs_Elena.pdf\" download>___6856_20220714_220616_Raport_anual_activitate_mai_2022_cu_obs_Elena.pdf<\/a><\/li>\n<li><a href=\"\/upload2\/Olt\/6856\/___6856_20221012_Informare_Actimob_neets_30.09.2022-final_np.pdf\" download>___6856_20221012_Informare_Actimob_neets_30.09.2022-final_np.pdf<\/a><\/li>\n<\/ul>\n<\/div>\n","protected":false},"excerpt":{"rendered":"<p>ACTIMOB, NEETs<\/p>\n","protected":false},"author":0,"featured_media":0,"comment_status":"closed","ping_status":"closed","sticky":false,"template":"","format":"standard","meta":{"footnotes":""},"categories":[20],"tags":[],"class_list":["post-46","post","type-post","status-publish","format-standard","hentry","category-proiecte"],"_links":{"self":[{"href":"https:\/\/www.anofm.ro\/olt\/wp-json\/wp\/v2\/posts\/46","targetHints":{"allow":["GET"]}}],"collection":[{"href":"https:\/\/www.anofm.ro\/olt\/wp-json\/wp\/v2\/posts"}],"about":[{"href":"https:\/\/www.anofm.ro\/olt\/wp-json\/wp\/v2\/types\/post"}],"replies":[{"embeddable":true,"href":"https:\/\/www.anofm.ro\/olt\/wp-json\/wp\/v2\/comments?post=46"}],"version-history":[{"count":0,"href":"https:\/\/www.anofm.ro\/olt\/wp-json\/wp\/v2\/posts\/46\/revisions"}],"wp:attachment":[{"href":"https:\/\/www.anofm.ro\/olt\/wp-json\/wp\/v2\/media?parent=46"}],"wp:term":[{"taxonomy":"category","embeddable":true,"href":"https:\/\/www.anofm.ro\/olt\/wp-json\/wp\/v2\/categories?post=46"},{"taxonomy":"post_tag","embeddable":true,"href":"https:\/\/www.anofm.ro\/olt\/wp-json\/wp\/v2\/tags?post=46"}],"curies":[{"name":"wp","href":"https:\/\/api.w.org\/{rel}","templated":true}]}}