{"id":4576,"date":"2024-11-29T13:30:27","date_gmt":"2024-11-29T11:30:27","guid":{"rendered":"https:\/\/www.anofm.ro\/olt\/?p=4576"},"modified":"2024-11-29T13:30:27","modified_gmt":"2024-11-29T11:30:27","slug":"3-941-persoane-angajate-prin-intermediul-agentiei-judetene-pentru-ocuparea-fortei-de-munca-olt-in-primele-10-luni-2","status":"publish","type":"post","link":"https:\/\/www.anofm.ro\/olt\/3-941-persoane-angajate-prin-intermediul-agentiei-judetene-pentru-ocuparea-fortei-de-munca-olt-in-primele-10-luni-2\/","title":{"rendered":"3.941 persoane angajate prin intermediul Agen\u0163iei Jude\u0163ene pentru Ocuparea For\u0163ei de Munc\u0103 Olt in primele 10 luni"},"content":{"rendered":"\n<div data-wp-interactive=\"core\/file\" class=\"wp-block-file\"><object data-wp-bind--hidden=\"!state.hasPdfPreview\" hidden class=\"wp-block-file__embed\" data=\"https:\/\/www.anofm.ro\/olt\/wp-content\/uploads\/sites\/32\/2024\/11\/3.941-persoane-angajate-prin-intermediul-Agentiei-Judetene-pentru-Ocuparea-Fortei-de-Munca-Olt-in-primele-10-luni-1.pdf\" type=\"application\/pdf\" style=\"width:100%;height:200px\" aria-label=\"\u00cenglobare pentru 3.941  persoane angajate prin intermediul Agen\u0163iei Jude\u0163ene pentru Ocuparea For\u0163ei de Munc\u0103 Olt in primele 10 luni.\"><\/object><a id=\"wp-block-file--media-bb1822db-9006-4b84-a336-19a9965a3be7\" href=\"https:\/\/www.anofm.ro\/olt\/wp-content\/uploads\/sites\/32\/2024\/11\/3.941-persoane-angajate-prin-intermediul-Agentiei-Judetene-pentru-Ocuparea-Fortei-de-Munca-Olt-in-primele-10-luni-1.pdf\">3.941  persoane angajate prin intermediul Agen\u0163iei Jude\u0163ene pentru Ocuparea For\u0163ei de Munc\u0103 Olt in primele 10 luni<\/a><a href=\"https:\/\/www.anofm.ro\/olt\/wp-content\/uploads\/sites\/32\/2024\/11\/3.941-persoane-angajate-prin-intermediul-Agentiei-Judetene-pentru-Ocuparea-Fortei-de-Munca-Olt-in-primele-10-luni-1.pdf\" class=\"wp-block-file__button wp-element-button\" download aria-describedby=\"wp-block-file--media-bb1822db-9006-4b84-a336-19a9965a3be7\">Descarc\u0103<\/a><\/div>\n","protected":false},"excerpt":{"rendered":"","protected":false},"author":158,"featured_media":0,"comment_status":"closed","ping_status":"closed","sticky":false,"template":"","format":"standard","meta":{"footnotes":""},"categories":[9],"tags":[],"class_list":["post-4576","post","type-post","status-publish","format-standard","hentry","category-comunicate-de-presa"],"_links":{"self":[{"href":"https:\/\/www.anofm.ro\/olt\/wp-json\/wp\/v2\/posts\/4576","targetHints":{"allow":["GET"]}}],"collection":[{"href":"https:\/\/www.anofm.ro\/olt\/wp-json\/wp\/v2\/posts"}],"about":[{"href":"https:\/\/www.anofm.ro\/olt\/wp-json\/wp\/v2\/types\/post"}],"author":[{"embeddable":true,"href":"https:\/\/www.anofm.ro\/olt\/wp-json\/wp\/v2\/users\/158"}],"replies":[{"embeddable":true,"href":"https:\/\/www.anofm.ro\/olt\/wp-json\/wp\/v2\/comments?post=4576"}],"version-history":[{"count":1,"href":"https:\/\/www.anofm.ro\/olt\/wp-json\/wp\/v2\/posts\/4576\/revisions"}],"predecessor-version":[{"id":4578,"href":"https:\/\/www.anofm.ro\/olt\/wp-json\/wp\/v2\/posts\/4576\/revisions\/4578"}],"wp:attachment":[{"href":"https:\/\/www.anofm.ro\/olt\/wp-json\/wp\/v2\/media?parent=4576"}],"wp:term":[{"taxonomy":"category","embeddable":true,"href":"https:\/\/www.anofm.ro\/olt\/wp-json\/wp\/v2\/categories?post=4576"},{"taxonomy":"post_tag","embeddable":true,"href":"https:\/\/www.anofm.ro\/olt\/wp-json\/wp\/v2\/tags?post=4576"}],"curies":[{"name":"wp","href":"https:\/\/api.w.org\/{rel}","templated":true}]}}