{"id":4555,"date":"2024-11-20T14:16:58","date_gmt":"2024-11-20T12:16:58","guid":{"rendered":"https:\/\/www.anofm.ro\/olt\/?p=4555"},"modified":"2024-11-20T14:16:58","modified_gmt":"2024-11-20T12:16:58","slug":"3-programe-de-formare-profesionala-vor-incepe-in-luna-decembrie-2024-la-nivel-judetean","status":"publish","type":"post","link":"https:\/\/www.anofm.ro\/olt\/3-programe-de-formare-profesionala-vor-incepe-in-luna-decembrie-2024-la-nivel-judetean\/","title":{"rendered":"3 programe de formare profesional\u0103 vor \u00eencepe \u00een luna decembrie 2024, la nivel jude\u0163ean"},"content":{"rendered":"\n<div class=\"wp-block-file\"><a id=\"wp-block-file--media-cd5fe123-c05c-45c0-ba64-74ef41ca4592\" href=\"https:\/\/www.anofm.ro\/olt\/wp-content\/uploads\/sites\/32\/2024\/11\/comunicat-de-presa-3-programe-de-formare-profesionala-vor-incepe-in-luna-decembrie-2024-la-nivel-judetean-2.odt\">comunicat de presa &#8211; 3 programe de formare profesional\u0103 vor \u00eencepe \u00een luna decembrie  2024, la nivel jude\u0163ean<\/a><a href=\"https:\/\/www.anofm.ro\/olt\/wp-content\/uploads\/sites\/32\/2024\/11\/comunicat-de-presa-3-programe-de-formare-profesionala-vor-incepe-in-luna-decembrie-2024-la-nivel-judetean-2.odt\" class=\"wp-block-file__button wp-element-button\" download aria-describedby=\"wp-block-file--media-cd5fe123-c05c-45c0-ba64-74ef41ca4592\">Descarc\u0103<\/a><\/div>\n","protected":false},"excerpt":{"rendered":"<p> 3 programe de formare profesional\u0103 vor \u00eencepe \u00een luna decembrie  2024, la nivel jude\u0163ean<\/p>\n","protected":false},"author":158,"featured_media":4554,"comment_status":"closed","ping_status":"closed","sticky":false,"template":"","format":"standard","meta":{"footnotes":""},"categories":[32],"tags":[],"class_list":["post-4555","post","type-post","status-publish","format-standard","has-post-thumbnail","hentry","category-ultimele-noutati"],"_links":{"self":[{"href":"https:\/\/www.anofm.ro\/olt\/wp-json\/wp\/v2\/posts\/4555","targetHints":{"allow":["GET"]}}],"collection":[{"href":"https:\/\/www.anofm.ro\/olt\/wp-json\/wp\/v2\/posts"}],"about":[{"href":"https:\/\/www.anofm.ro\/olt\/wp-json\/wp\/v2\/types\/post"}],"author":[{"embeddable":true,"href":"https:\/\/www.anofm.ro\/olt\/wp-json\/wp\/v2\/users\/158"}],"replies":[{"embeddable":true,"href":"https:\/\/www.anofm.ro\/olt\/wp-json\/wp\/v2\/comments?post=4555"}],"version-history":[{"count":1,"href":"https:\/\/www.anofm.ro\/olt\/wp-json\/wp\/v2\/posts\/4555\/revisions"}],"predecessor-version":[{"id":4557,"href":"https:\/\/www.anofm.ro\/olt\/wp-json\/wp\/v2\/posts\/4555\/revisions\/4557"}],"wp:featuredmedia":[{"embeddable":true,"href":"https:\/\/www.anofm.ro\/olt\/wp-json\/wp\/v2\/media\/4554"}],"wp:attachment":[{"href":"https:\/\/www.anofm.ro\/olt\/wp-json\/wp\/v2\/media?parent=4555"}],"wp:term":[{"taxonomy":"category","embeddable":true,"href":"https:\/\/www.anofm.ro\/olt\/wp-json\/wp\/v2\/categories?post=4555"},{"taxonomy":"post_tag","embeddable":true,"href":"https:\/\/www.anofm.ro\/olt\/wp-json\/wp\/v2\/tags?post=4555"}],"curies":[{"name":"wp","href":"https:\/\/api.w.org\/{rel}","templated":true}]}}