{"id":4550,"date":"2024-11-20T14:06:20","date_gmt":"2024-11-20T12:06:20","guid":{"rendered":"https:\/\/www.anofm.ro\/olt\/?p=4550"},"modified":"2024-11-20T14:36:33","modified_gmt":"2024-11-20T12:36:33","slug":"comunicat-de-presa-3-programe-de-formare-profesionala-vor-incepe-in-luna-decembrie-2024-la-nivel-judetean","status":"publish","type":"post","link":"https:\/\/www.anofm.ro\/olt\/comunicat-de-presa-3-programe-de-formare-profesionala-vor-incepe-in-luna-decembrie-2024-la-nivel-judetean\/","title":{"rendered":"comunicat de presa &#8211; 3 programe de formare profesional\u0103 vor \u00eencepe \u00een luna decembrie 2024, la nivel jude\u0163ean"},"content":{"rendered":"\n<div data-wp-interactive=\"core\/file\" class=\"wp-block-file\"><object data-wp-bind--hidden=\"!state.hasPdfPreview\" hidden class=\"wp-block-file__embed\" data=\"https:\/\/www.anofm.ro\/olt\/wp-content\/uploads\/sites\/32\/2024\/11\/comunicat-de-presa-3-programe-de-formare-profesionala-vor-incepe-in-luna-decembrie-2024-la-nivel-judetean.pdf\" type=\"application\/pdf\" style=\"width:100%;height:350px\" aria-label=\"\u00cenglobare pentru comunicat de presa - 3 programe de formare profesional\u0103 vor \u00eencepe \u00een luna decembrie  2024, la nivel jude\u0163ean.\"><\/object><a id=\"wp-block-file--media-61e9b19d-69f3-49e7-8c5d-f71e3999fce6\" href=\"https:\/\/www.anofm.ro\/olt\/wp-content\/uploads\/sites\/32\/2024\/11\/comunicat-de-presa-3-programe-de-formare-profesionala-vor-incepe-in-luna-decembrie-2024-la-nivel-judetean.pdf\">comunicat de presa &#8211; 3 programe de formare profesional\u0103 vor \u00eencepe \u00een luna decembrie  2024, la nivel jude\u0163ean<\/a><a href=\"https:\/\/www.anofm.ro\/olt\/wp-content\/uploads\/sites\/32\/2024\/11\/comunicat-de-presa-3-programe-de-formare-profesionala-vor-incepe-in-luna-decembrie-2024-la-nivel-judetean.pdf\" class=\"wp-block-file__button wp-element-button\" download aria-describedby=\"wp-block-file--media-61e9b19d-69f3-49e7-8c5d-f71e3999fce6\">Descarc\u0103<\/a><\/div>\n","protected":false},"excerpt":{"rendered":"<p> 3 programe de formare profesional\u0103 vor \u00eencepe \u00een luna decembrie  2024, la nivel jude\u0163ean<\/p>\n","protected":false},"author":158,"featured_media":4554,"comment_status":"closed","ping_status":"closed","sticky":false,"template":"","format":"standard","meta":{"footnotes":""},"categories":[9],"tags":[],"class_list":["post-4550","post","type-post","status-publish","format-standard","has-post-thumbnail","hentry","category-comunicate-de-presa"],"_links":{"self":[{"href":"https:\/\/www.anofm.ro\/olt\/wp-json\/wp\/v2\/posts\/4550","targetHints":{"allow":["GET"]}}],"collection":[{"href":"https:\/\/www.anofm.ro\/olt\/wp-json\/wp\/v2\/posts"}],"about":[{"href":"https:\/\/www.anofm.ro\/olt\/wp-json\/wp\/v2\/types\/post"}],"author":[{"embeddable":true,"href":"https:\/\/www.anofm.ro\/olt\/wp-json\/wp\/v2\/users\/158"}],"replies":[{"embeddable":true,"href":"https:\/\/www.anofm.ro\/olt\/wp-json\/wp\/v2\/comments?post=4550"}],"version-history":[{"count":4,"href":"https:\/\/www.anofm.ro\/olt\/wp-json\/wp\/v2\/posts\/4550\/revisions"}],"predecessor-version":[{"id":4561,"href":"https:\/\/www.anofm.ro\/olt\/wp-json\/wp\/v2\/posts\/4550\/revisions\/4561"}],"wp:featuredmedia":[{"embeddable":true,"href":"https:\/\/www.anofm.ro\/olt\/wp-json\/wp\/v2\/media\/4554"}],"wp:attachment":[{"href":"https:\/\/www.anofm.ro\/olt\/wp-json\/wp\/v2\/media?parent=4550"}],"wp:term":[{"taxonomy":"category","embeddable":true,"href":"https:\/\/www.anofm.ro\/olt\/wp-json\/wp\/v2\/categories?post=4550"},{"taxonomy":"post_tag","embeddable":true,"href":"https:\/\/www.anofm.ro\/olt\/wp-json\/wp\/v2\/tags?post=4550"}],"curies":[{"name":"wp","href":"https:\/\/api.w.org\/{rel}","templated":true}]}}