{"id":4485,"date":"2024-10-24T15:56:33","date_gmt":"2024-10-24T12:56:33","guid":{"rendered":"https:\/\/www.anofm.ro\/olt\/?p=4485"},"modified":"2024-10-24T15:56:33","modified_gmt":"2024-10-24T12:56:33","slug":"3-520-persoane-incadrate-prin-intermediul-ajofm-olt-in-primele-noua-luni-ale-anului-2024-2","status":"publish","type":"post","link":"https:\/\/www.anofm.ro\/olt\/3-520-persoane-incadrate-prin-intermediul-ajofm-olt-in-primele-noua-luni-ale-anului-2024-2\/","title":{"rendered":"3.520 persoane \u00eencadrate prin intermediul AJOFM Olt, \u00een primele nou\u0103 luni ale anului 2024"},"content":{"rendered":"\n<div data-wp-interactive=\"core\/file\" class=\"wp-block-file\"><object data-wp-bind--hidden=\"!state.hasPdfPreview\" hidden class=\"wp-block-file__embed\" data=\"https:\/\/www.anofm.ro\/olt\/wp-content\/uploads\/sites\/32\/2024\/10\/3.520-persoane-incadrate-prin-intermediul-AJOFM-Olt-in-primele-noua-luni-ale-anului-2024-1.pdf\" type=\"application\/pdf\" style=\"width:100%;height:200px\" aria-label=\"\u00cenglobare pentru 3.520 persoane \u00eencadrate prin intermediul AJOFM Olt, \u00een primele nou\u0103 luni ale anului 2024.\"><\/object><a id=\"wp-block-file--media-c5776c15-c13f-492b-8ec5-86a1c48ccc58\" href=\"https:\/\/www.anofm.ro\/olt\/wp-content\/uploads\/sites\/32\/2024\/10\/3.520-persoane-incadrate-prin-intermediul-AJOFM-Olt-in-primele-noua-luni-ale-anului-2024-1.pdf\">3.520 persoane \u00eencadrate prin intermediul AJOFM Olt, \u00een primele nou\u0103 luni ale anului 2024<\/a><a href=\"https:\/\/www.anofm.ro\/olt\/wp-content\/uploads\/sites\/32\/2024\/10\/3.520-persoane-incadrate-prin-intermediul-AJOFM-Olt-in-primele-noua-luni-ale-anului-2024-1.pdf\" class=\"wp-block-file__button wp-element-button\" download aria-describedby=\"wp-block-file--media-c5776c15-c13f-492b-8ec5-86a1c48ccc58\">Descarc\u0103<\/a><\/div>\n","protected":false},"excerpt":{"rendered":"<p>3.520 persoane \u00eencadrate prin intermediul AJOFM Olt, \u00een primele nou\u0103 luni ale anului 2024<\/p>\n<p>\u00cen primele nou\u0103 luni ale anului 2024, urmare a serviciilor \u015fi m\u0103surilor de stimulare a ocup\u0103rii for\u0163ei de munc\u0103 oferite de Agen\u0163ia Jude\u0163ean\u0103 pentru Ocuparea Fortei de Munca Olt, 3.520  persoane au fost \u00eencadrate \u00een munc\u0103. <\/p>\n","protected":false},"author":158,"featured_media":4483,"comment_status":"closed","ping_status":"closed","sticky":false,"template":"","format":"standard","meta":{"footnotes":""},"categories":[32],"tags":[],"class_list":["post-4485","post","type-post","status-publish","format-standard","has-post-thumbnail","hentry","category-ultimele-noutati"],"_links":{"self":[{"href":"https:\/\/www.anofm.ro\/olt\/wp-json\/wp\/v2\/posts\/4485","targetHints":{"allow":["GET"]}}],"collection":[{"href":"https:\/\/www.anofm.ro\/olt\/wp-json\/wp\/v2\/posts"}],"about":[{"href":"https:\/\/www.anofm.ro\/olt\/wp-json\/wp\/v2\/types\/post"}],"author":[{"embeddable":true,"href":"https:\/\/www.anofm.ro\/olt\/wp-json\/wp\/v2\/users\/158"}],"replies":[{"embeddable":true,"href":"https:\/\/www.anofm.ro\/olt\/wp-json\/wp\/v2\/comments?post=4485"}],"version-history":[{"count":1,"href":"https:\/\/www.anofm.ro\/olt\/wp-json\/wp\/v2\/posts\/4485\/revisions"}],"predecessor-version":[{"id":4487,"href":"https:\/\/www.anofm.ro\/olt\/wp-json\/wp\/v2\/posts\/4485\/revisions\/4487"}],"wp:featuredmedia":[{"embeddable":true,"href":"https:\/\/www.anofm.ro\/olt\/wp-json\/wp\/v2\/media\/4483"}],"wp:attachment":[{"href":"https:\/\/www.anofm.ro\/olt\/wp-json\/wp\/v2\/media?parent=4485"}],"wp:term":[{"taxonomy":"category","embeddable":true,"href":"https:\/\/www.anofm.ro\/olt\/wp-json\/wp\/v2\/categories?post=4485"},{"taxonomy":"post_tag","embeddable":true,"href":"https:\/\/www.anofm.ro\/olt\/wp-json\/wp\/v2\/tags?post=4485"}],"curies":[{"name":"wp","href":"https:\/\/api.w.org\/{rel}","templated":true}]}}