{"id":4422,"date":"2024-10-16T13:11:56","date_gmt":"2024-10-16T10:11:56","guid":{"rendered":"https:\/\/www.anofm.ro\/olt\/?p=4422"},"modified":"2024-10-16T13:11:56","modified_gmt":"2024-10-16T10:11:56","slug":"5-programe-de-formare-profesionala-vor-incepe-in-luna-noiembrie-2024-la-nivel-judetean-3","status":"publish","type":"post","link":"https:\/\/www.anofm.ro\/olt\/5-programe-de-formare-profesionala-vor-incepe-in-luna-noiembrie-2024-la-nivel-judetean-3\/","title":{"rendered":"5 programe de formare profesional\u0103 vor \u00eencepe \u00een luna noiembrie 2024, la nivel jude\u0163ean"},"content":{"rendered":"\n<div data-wp-interactive=\"core\/file\" class=\"wp-block-file\"><object data-wp-bind--hidden=\"!state.hasPdfPreview\" hidden class=\"wp-block-file__embed\" data=\"https:\/\/www.anofm.ro\/olt\/wp-content\/uploads\/sites\/32\/2024\/10\/5-programe-de-formare-profesionala-vor-incepe-in-luna-noiembrie-2024-la-nivel-judetean-3.pdf\" type=\"application\/pdf\" style=\"width:100%;height:200px\" aria-label=\"\u00cenglobare pentru 5 programe de formare profesional\u0103 vor \u00eencepe \u00een luna noiembrie  2024, la nivel jude\u0163ean.\"><\/object><a id=\"wp-block-file--media-90fea4e6-a042-4560-a734-f55f561eeafc\" href=\"https:\/\/www.anofm.ro\/olt\/wp-content\/uploads\/sites\/32\/2024\/10\/5-programe-de-formare-profesionala-vor-incepe-in-luna-noiembrie-2024-la-nivel-judetean-3.pdf\">5 programe de formare profesional\u0103 vor \u00eencepe \u00een luna noiembrie  2024, la nivel jude\u0163ean<\/a><a href=\"https:\/\/www.anofm.ro\/olt\/wp-content\/uploads\/sites\/32\/2024\/10\/5-programe-de-formare-profesionala-vor-incepe-in-luna-noiembrie-2024-la-nivel-judetean-3.pdf\" class=\"wp-block-file__button wp-element-button\" download aria-describedby=\"wp-block-file--media-90fea4e6-a042-4560-a734-f55f561eeafc\">Descarc\u0103<\/a><\/div>\n\n\n\n<p><\/p>\n","protected":false},"excerpt":{"rendered":"<p>5 programe de formare profesional\u0103 vor \u00eencepe \u00een luna noiembrie  2024, la nivel jude\u0163ean<\/p>\n<p>La nivel jude\u0163ean, \u00een luna noiembrie 2024 Agen\u0163ia Jude\u0163ean\u0103 pentru Ocuparea For\u0163ei de Munc\u0103 Olt \u00ee\u015fi propune s\u0103 organizeze 5 programe de formare profesional\u0103 pentru 70 persoane aflate \u00een c\u0103utarea unui loc de munc\u0103. <\/p>\n","protected":false},"author":158,"featured_media":4412,"comment_status":"closed","ping_status":"closed","sticky":false,"template":"","format":"standard","meta":{"footnotes":""},"categories":[11],"tags":[],"class_list":["post-4422","post","type-post","status-publish","format-standard","has-post-thumbnail","hentry","category-cursuri-de-formare-profesionala"],"_links":{"self":[{"href":"https:\/\/www.anofm.ro\/olt\/wp-json\/wp\/v2\/posts\/4422","targetHints":{"allow":["GET"]}}],"collection":[{"href":"https:\/\/www.anofm.ro\/olt\/wp-json\/wp\/v2\/posts"}],"about":[{"href":"https:\/\/www.anofm.ro\/olt\/wp-json\/wp\/v2\/types\/post"}],"author":[{"embeddable":true,"href":"https:\/\/www.anofm.ro\/olt\/wp-json\/wp\/v2\/users\/158"}],"replies":[{"embeddable":true,"href":"https:\/\/www.anofm.ro\/olt\/wp-json\/wp\/v2\/comments?post=4422"}],"version-history":[{"count":1,"href":"https:\/\/www.anofm.ro\/olt\/wp-json\/wp\/v2\/posts\/4422\/revisions"}],"predecessor-version":[{"id":4424,"href":"https:\/\/www.anofm.ro\/olt\/wp-json\/wp\/v2\/posts\/4422\/revisions\/4424"}],"wp:featuredmedia":[{"embeddable":true,"href":"https:\/\/www.anofm.ro\/olt\/wp-json\/wp\/v2\/media\/4412"}],"wp:attachment":[{"href":"https:\/\/www.anofm.ro\/olt\/wp-json\/wp\/v2\/media?parent=4422"}],"wp:term":[{"taxonomy":"category","embeddable":true,"href":"https:\/\/www.anofm.ro\/olt\/wp-json\/wp\/v2\/categories?post=4422"},{"taxonomy":"post_tag","embeddable":true,"href":"https:\/\/www.anofm.ro\/olt\/wp-json\/wp\/v2\/tags?post=4422"}],"curies":[{"name":"wp","href":"https:\/\/api.w.org\/{rel}","templated":true}]}}