{"id":4300,"date":"2024-10-02T12:49:48","date_gmt":"2024-10-02T09:49:48","guid":{"rendered":"https:\/\/www.anofm.ro\/olt\/?p=4300"},"modified":"2024-10-02T12:49:48","modified_gmt":"2024-10-02T09:49:48","slug":"4-programe-de-formare-profesionala-vor-incepe-in-luna-octombrie-2024-la-nivel-judetean-2","status":"publish","type":"post","link":"https:\/\/www.anofm.ro\/olt\/4-programe-de-formare-profesionala-vor-incepe-in-luna-octombrie-2024-la-nivel-judetean-2\/","title":{"rendered":"4 programe de formare profesional\u0103 vor \u00eencepe \u00een luna octombrie 2024, la nivel jude\u0163ean"},"content":{"rendered":"\n<div data-wp-interactive=\"core\/file\" class=\"wp-block-file\"><object data-wp-bind--hidden=\"!state.hasPdfPreview\" hidden class=\"wp-block-file__embed\" data=\"https:\/\/www.anofm.ro\/olt\/wp-content\/uploads\/sites\/32\/2024\/10\/4-programe-de-formare-profesionala-vor-incepe-in-luna-octombrie-2024-la-nivel-judetean-1.pdf\" type=\"application\/pdf\" style=\"width:100%;height:600px\" aria-label=\"\u00cenglobare pentru 4 programe de formare profesional\u0103 vor \u00eencepe \u00een luna octombrie  2024, la nivel jude\u0163ean.\"><\/object><a id=\"wp-block-file--media-46485bec-acaa-4b5f-b589-336ace2e34fe\" href=\"https:\/\/www.anofm.ro\/olt\/wp-content\/uploads\/sites\/32\/2024\/10\/4-programe-de-formare-profesionala-vor-incepe-in-luna-octombrie-2024-la-nivel-judetean-1.pdf\">4 programe de formare profesional\u0103 vor \u00eencepe \u00een luna octombrie  2024, la nivel jude\u0163ean<\/a><a href=\"https:\/\/www.anofm.ro\/olt\/wp-content\/uploads\/sites\/32\/2024\/10\/4-programe-de-formare-profesionala-vor-incepe-in-luna-octombrie-2024-la-nivel-judetean-1.pdf\" class=\"wp-block-file__button wp-element-button\" download aria-describedby=\"wp-block-file--media-46485bec-acaa-4b5f-b589-336ace2e34fe\">Descarc\u0103<\/a><\/div>\n","protected":false},"excerpt":{"rendered":"<p>4 programe de formare profesional\u0103 vor \u00eencepe \u00een luna octombrie  2024, la nivel jude\u0163ean<\/p>\n","protected":false},"author":158,"featured_media":0,"comment_status":"closed","ping_status":"closed","sticky":false,"template":"","format":"standard","meta":{"footnotes":""},"categories":[9],"tags":[],"class_list":["post-4300","post","type-post","status-publish","format-standard","hentry","category-comunicate-de-presa"],"_links":{"self":[{"href":"https:\/\/www.anofm.ro\/olt\/wp-json\/wp\/v2\/posts\/4300","targetHints":{"allow":["GET"]}}],"collection":[{"href":"https:\/\/www.anofm.ro\/olt\/wp-json\/wp\/v2\/posts"}],"about":[{"href":"https:\/\/www.anofm.ro\/olt\/wp-json\/wp\/v2\/types\/post"}],"author":[{"embeddable":true,"href":"https:\/\/www.anofm.ro\/olt\/wp-json\/wp\/v2\/users\/158"}],"replies":[{"embeddable":true,"href":"https:\/\/www.anofm.ro\/olt\/wp-json\/wp\/v2\/comments?post=4300"}],"version-history":[{"count":1,"href":"https:\/\/www.anofm.ro\/olt\/wp-json\/wp\/v2\/posts\/4300\/revisions"}],"predecessor-version":[{"id":4302,"href":"https:\/\/www.anofm.ro\/olt\/wp-json\/wp\/v2\/posts\/4300\/revisions\/4302"}],"wp:attachment":[{"href":"https:\/\/www.anofm.ro\/olt\/wp-json\/wp\/v2\/media?parent=4300"}],"wp:term":[{"taxonomy":"category","embeddable":true,"href":"https:\/\/www.anofm.ro\/olt\/wp-json\/wp\/v2\/categories?post=4300"},{"taxonomy":"post_tag","embeddable":true,"href":"https:\/\/www.anofm.ro\/olt\/wp-json\/wp\/v2\/tags?post=4300"}],"curies":[{"name":"wp","href":"https:\/\/api.w.org\/{rel}","templated":true}]}}