{"id":4275,"date":"2024-10-02T09:41:25","date_gmt":"2024-10-02T06:41:25","guid":{"rendered":"https:\/\/www.anofm.ro\/olt\/?p=4275"},"modified":"2024-10-02T09:41:25","modified_gmt":"2024-10-02T06:41:25","slug":"4-programe-de-formare-profesionala-vor-incepe-in-luna-octombrie-2024-la-nivel-judetean","status":"publish","type":"post","link":"https:\/\/www.anofm.ro\/olt\/4-programe-de-formare-profesionala-vor-incepe-in-luna-octombrie-2024-la-nivel-judetean\/","title":{"rendered":"4 programe de formare profesional\u0103 vor \u00eencepe \u00een luna octombrie 2024, la nivel jude\u0163ean"},"content":{"rendered":"\n<div data-wp-interactive=\"core\/file\" class=\"wp-block-file\"><object data-wp-bind--hidden=\"!state.hasPdfPreview\" hidden class=\"wp-block-file__embed\" data=\"https:\/\/www.anofm.ro\/olt\/wp-content\/uploads\/sites\/32\/2024\/10\/4-programe-de-formare-profesionala-vor-incepe-in-luna-octombrie-2024-la-nivel-judetean.pdf\" type=\"application\/pdf\" style=\"width:100%;height:200px\" aria-label=\"\u00cenglobare pentru 4 programe de formare profesional\u0103 vor \u00eencepe \u00een luna octombrie  2024, la nivel jude\u0163ean.\"><\/object><a id=\"wp-block-file--media-0dc246da-102e-4403-8bab-0e0e5ee78a10\" href=\"https:\/\/www.anofm.ro\/olt\/wp-content\/uploads\/sites\/32\/2024\/10\/4-programe-de-formare-profesionala-vor-incepe-in-luna-octombrie-2024-la-nivel-judetean.pdf\">4 programe de formare profesional\u0103 vor \u00eencepe \u00een luna octombrie  2024, la nivel jude\u0163ean<\/a><a href=\"https:\/\/www.anofm.ro\/olt\/wp-content\/uploads\/sites\/32\/2024\/10\/4-programe-de-formare-profesionala-vor-incepe-in-luna-octombrie-2024-la-nivel-judetean.pdf\" class=\"wp-block-file__button wp-element-button\" download aria-describedby=\"wp-block-file--media-0dc246da-102e-4403-8bab-0e0e5ee78a10\">Descarc\u0103<\/a><\/div>\n\n\n","protected":false},"excerpt":{"rendered":"","protected":false},"author":158,"featured_media":0,"comment_status":"closed","ping_status":"closed","sticky":false,"template":"","format":"standard","meta":{"footnotes":""},"categories":[11],"tags":[],"class_list":["post-4275","post","type-post","status-publish","format-standard","hentry","category-cursuri-de-formare-profesionala"],"_links":{"self":[{"href":"https:\/\/www.anofm.ro\/olt\/wp-json\/wp\/v2\/posts\/4275","targetHints":{"allow":["GET"]}}],"collection":[{"href":"https:\/\/www.anofm.ro\/olt\/wp-json\/wp\/v2\/posts"}],"about":[{"href":"https:\/\/www.anofm.ro\/olt\/wp-json\/wp\/v2\/types\/post"}],"author":[{"embeddable":true,"href":"https:\/\/www.anofm.ro\/olt\/wp-json\/wp\/v2\/users\/158"}],"replies":[{"embeddable":true,"href":"https:\/\/www.anofm.ro\/olt\/wp-json\/wp\/v2\/comments?post=4275"}],"version-history":[{"count":1,"href":"https:\/\/www.anofm.ro\/olt\/wp-json\/wp\/v2\/posts\/4275\/revisions"}],"predecessor-version":[{"id":4278,"href":"https:\/\/www.anofm.ro\/olt\/wp-json\/wp\/v2\/posts\/4275\/revisions\/4278"}],"wp:attachment":[{"href":"https:\/\/www.anofm.ro\/olt\/wp-json\/wp\/v2\/media?parent=4275"}],"wp:term":[{"taxonomy":"category","embeddable":true,"href":"https:\/\/www.anofm.ro\/olt\/wp-json\/wp\/v2\/categories?post=4275"},{"taxonomy":"post_tag","embeddable":true,"href":"https:\/\/www.anofm.ro\/olt\/wp-json\/wp\/v2\/tags?post=4275"}],"curies":[{"name":"wp","href":"https:\/\/api.w.org\/{rel}","templated":true}]}}