{"id":3867,"date":"2024-07-30T00:00:00","date_gmt":"2024-07-29T21:00:00","guid":{"rendered":"https:\/\/www.anofm.ro\/olt\/2595-persoane-incadrate-prin-intermediul-ajofm-olt-in-primele-sase-luni-ale-anului-2024\/"},"modified":"2024-07-30T00:00:00","modified_gmt":"2024-07-29T21:00:00","slug":"2595-persoane-incadrate-prin-intermediul-ajofm-olt-in-primele-sase-luni-ale-anului-2024","status":"publish","type":"post","link":"https:\/\/www.anofm.ro\/olt\/2595-persoane-incadrate-prin-intermediul-ajofm-olt-in-primele-sase-luni-ale-anului-2024\/","title":{"rendered":"2595 persoane incadrate prin intermediul AJOFM Olt, \u00een primele sase luni ale anului 2024"},"content":{"rendered":"<p>2595 persoane incadrate prin intermediul AJOFM Olt, \u00een primele sase luni ale anului 2024<\/p>\n<\/p>\n<p><b><span><span lang=\"RO\"><\/span><\/span><\/b><\/p>\n<p class=\"MsoNormal\" style=\"margin-left:0cm\"><b><span lang=\"RO\">\u00cen primele sase luni ale<br \/>\nanului 2024,<\/span><\/b><span lang=\"RO\"> urmare a<br \/>\nserviciilor \u015fi m\u0103surilor de stimulare a ocup\u0103rii for\u0163ei de munc\u0103 oferite de<br \/>\nAgen\u0163ia Jude\u0163ean\u0103 pentru Ocuparea Fortei de Munca Olt, 2.595<span>\u00a0 <\/span>persoane au fost \u00eencadrate \u00een munc\u0103. <\/span><\/p>\n<\/p>\n<div class=\"file-list-wrap\">\n<ul class=\"file-list\">\n<li><a href=\"\/upload2\/Olt\/30345\/2595_persoane_incadrate_prin_intermediul_AJOFM_Olt_in_primele_sase_luni_ale_anului_2024.pdf\" download>2595_persoane_incadrate_prin_intermediul_AJOFM_Olt_in_primele_sase_luni_ale_anului_2024.pdf<\/a><\/li>\n<\/ul>\n<\/div>\n","protected":false},"excerpt":{"rendered":"<p>2595 persoane incadrate prin intermediul AJOFM Olt, \u00een primele sase luni ale anului 2024<\/p>\n","protected":false},"author":0,"featured_media":0,"comment_status":"closed","ping_status":"closed","sticky":false,"template":"","format":"standard","meta":{"footnotes":""},"categories":[9],"tags":[],"class_list":["post-3867","post","type-post","status-publish","format-standard","hentry","category-comunicate-de-presa"],"_links":{"self":[{"href":"https:\/\/www.anofm.ro\/olt\/wp-json\/wp\/v2\/posts\/3867","targetHints":{"allow":["GET"]}}],"collection":[{"href":"https:\/\/www.anofm.ro\/olt\/wp-json\/wp\/v2\/posts"}],"about":[{"href":"https:\/\/www.anofm.ro\/olt\/wp-json\/wp\/v2\/types\/post"}],"replies":[{"embeddable":true,"href":"https:\/\/www.anofm.ro\/olt\/wp-json\/wp\/v2\/comments?post=3867"}],"version-history":[{"count":0,"href":"https:\/\/www.anofm.ro\/olt\/wp-json\/wp\/v2\/posts\/3867\/revisions"}],"wp:attachment":[{"href":"https:\/\/www.anofm.ro\/olt\/wp-json\/wp\/v2\/media?parent=3867"}],"wp:term":[{"taxonomy":"category","embeddable":true,"href":"https:\/\/www.anofm.ro\/olt\/wp-json\/wp\/v2\/categories?post=3867"},{"taxonomy":"post_tag","embeddable":true,"href":"https:\/\/www.anofm.ro\/olt\/wp-json\/wp\/v2\/tags?post=3867"}],"curies":[{"name":"wp","href":"https:\/\/api.w.org\/{rel}","templated":true}]}}