{"id":3852,"date":"2024-05-28T00:00:00","date_gmt":"2024-05-27T21:00:00","guid":{"rendered":"https:\/\/www.anofm.ro\/olt\/555-rata-somajului-inregistrat-in-evidentele-ajofm-olt-in-luna-aprilie-2024\/"},"modified":"2024-05-28T00:00:00","modified_gmt":"2024-05-27T21:00:00","slug":"555-rata-somajului-inregistrat-in-evidentele-ajofm-olt-in-luna-aprilie-2024","status":"publish","type":"post","link":"https:\/\/www.anofm.ro\/olt\/555-rata-somajului-inregistrat-in-evidentele-ajofm-olt-in-luna-aprilie-2024\/","title":{"rendered":"5,55 % &#8211;  rata \u015fomajului \u00eenregistrat \u00een eviden\u0163ele AJOFM  Olt \u00een luna  APRILIE  2024"},"content":{"rendered":"<p>5,55 % &#8211;\u00a0 rata \u015fomajului \u00eenregistrat \u00een eviden\u0163ele AJOFM\u00a0 Olt \u00een luna\u00a0 APRILIE\u00a0 2024<\/p>\n<\/p>\n<p class=\"MsoNormal\" style=\"margin-left:0in\">La sf\u00e2r\u0219itul lunii <span>\u00a0<\/span><b>APRILIE<br \/>\n2024 <\/b>\u00een eviden\u021bele Agen\u021biei Jude\u021bene pentru Ocuparea For\u021bei de Munc\u0103 Olt,<br \/>\nerau \u00eenregistra\u021bi <span>\u00a0<\/span><b>7.415<\/b> <span>\u00a0<\/span>\u0219omeri (din care <b>3.359 <span>\u00a0<\/span><span>\u00a0<\/span>femei<\/b>),<br \/>\nrata <span lang=\"RO\">\u0219<\/span>omajului fiind de <b>5,55 % .<\/b><\/p>\n<p class=\"MsoNormal\" style=\"margin-left:0in\">Comparativ cu luna precedent\u0103, c\u00e2nd<br \/>\nrata \u0219omajului a fost de <b>5,64 %,<\/b> \u00een<br \/>\naceast\u0103 lun\u0103 acest indicator a \u00eenregistrat o scadere de <b>0,09 pp<\/b>.<\/p>\n<\/p>\n<div class=\"file-list-wrap\">\n<ul class=\"file-list\">\n<li><a href=\"\/upload2\/Olt\/29852\/555_-_rata_somajului_inregistrat_in_evidentele_AJOFM_Olt_in_luna_APRILIE_2024.docx\" download>555_-_rata_somajului_inregistrat_in_evidentele_AJOFM_Olt_in_luna_APRILIE_2024.docx<\/a><\/li>\n<\/ul>\n<\/div>\n","protected":false},"excerpt":{"rendered":"<p>5,55 % &#8211;  rata \u015fomajului \u00eenregistrat \u00een eviden\u0163ele AJOFM  Olt \u00een luna  APRILIE  2024<\/p>\n","protected":false},"author":0,"featured_media":0,"comment_status":"closed","ping_status":"closed","sticky":false,"template":"","format":"standard","meta":{"footnotes":""},"categories":[9],"tags":[],"class_list":["post-3852","post","type-post","status-publish","format-standard","hentry","category-comunicate-de-presa"],"_links":{"self":[{"href":"https:\/\/www.anofm.ro\/olt\/wp-json\/wp\/v2\/posts\/3852","targetHints":{"allow":["GET"]}}],"collection":[{"href":"https:\/\/www.anofm.ro\/olt\/wp-json\/wp\/v2\/posts"}],"about":[{"href":"https:\/\/www.anofm.ro\/olt\/wp-json\/wp\/v2\/types\/post"}],"replies":[{"embeddable":true,"href":"https:\/\/www.anofm.ro\/olt\/wp-json\/wp\/v2\/comments?post=3852"}],"version-history":[{"count":0,"href":"https:\/\/www.anofm.ro\/olt\/wp-json\/wp\/v2\/posts\/3852\/revisions"}],"wp:attachment":[{"href":"https:\/\/www.anofm.ro\/olt\/wp-json\/wp\/v2\/media?parent=3852"}],"wp:term":[{"taxonomy":"category","embeddable":true,"href":"https:\/\/www.anofm.ro\/olt\/wp-json\/wp\/v2\/categories?post=3852"},{"taxonomy":"post_tag","embeddable":true,"href":"https:\/\/www.anofm.ro\/olt\/wp-json\/wp\/v2\/tags?post=3852"}],"curies":[{"name":"wp","href":"https:\/\/api.w.org\/{rel}","templated":true}]}}