{"id":3850,"date":"2024-05-16T00:00:00","date_gmt":"2024-05-15T21:00:00","guid":{"rendered":"https:\/\/www.anofm.ro\/olt\/bursa-generala-a-locurilor-de-munca-17-mai-2024-2\/"},"modified":"2024-05-16T00:00:00","modified_gmt":"2024-05-15T21:00:00","slug":"bursa-generala-a-locurilor-de-munca-17-mai-2024-2","status":"publish","type":"post","link":"https:\/\/www.anofm.ro\/olt\/bursa-generala-a-locurilor-de-munca-17-mai-2024-2\/","title":{"rendered":"BURSA GENERALA A LOCURILOR DE MUNCA &#8211; 17 MAI 2024"},"content":{"rendered":"<p>\u00a0BURSA GENERALA A LOCURILOR DE MUNCA &#8211; 17 MAI 2024<\/p>\n<\/p>\n<p class=\"MsoNormal\" style=\"margin-left:0in\">Agen\u0163ia Jude\u0163ean\u0103 pentru Ocuparea<br \/>\nFor\u0163ei de Munc\u0103 Olt organizeaz\u0103 <b><u>vineri<i> &#8211; 17 mai 2024<\/i><\/u><\/b>, incep\u00e2nd cu <b>ora 9.00<\/b>,<span>\u00a0 <\/span><b><i><u>BURSA GENERAL\u0102<span>\u00a0 <\/span>A LOCURILOR DE MUNC\u0102<\/u><\/i><\/b><i><u>.<\/u><\/i><\/p>\n<p class=\"MsoNormal\" style=\"margin-left:0in\">Evenimentul se va organiza \u00een : <span style=\"font-family:Wingdings\"><span>\u00fc<span style=\"font:7.0pt\">\u00a0<br \/>\n<\/span><\/span><\/span>Slatina \u2013 Casa de Cultura a Sindicatelor si <span style=\"font-family:Wingdings\"><span>\u00fc<span style=\"font:7.0pt\">\u00a0<br \/>\n<\/span><\/span><\/span>Caracal \u2013 sediul Agentiei Locale Caracal <\/p>\n<\/p>\n<div class=\"file-list-wrap\">\n<ul class=\"file-list\">\n<li><a href=\"\/upload2\/Olt\/29713\/COMUNICAT_DE_PRESA_-_BURSA_GENERALA_A_LOCURILOR_DE_MUNCA_-_17_MAI_2024.pdf\" download>COMUNICAT_DE_PRESA_-_BURSA_GENERALA_A_LOCURILOR_DE_MUNCA_-_17_MAI_2024.pdf<\/a><\/li>\n<\/ul>\n<\/div>\n","protected":false},"excerpt":{"rendered":"<p> BURSA GENERALA A LOCURILOR DE MUNCA &#8211; 17 MAI 2024<\/p>\n","protected":false},"author":0,"featured_media":0,"comment_status":"closed","ping_status":"closed","sticky":false,"template":"","format":"standard","meta":{"footnotes":""},"categories":[9],"tags":[],"class_list":["post-3850","post","type-post","status-publish","format-standard","hentry","category-comunicate-de-presa"],"_links":{"self":[{"href":"https:\/\/www.anofm.ro\/olt\/wp-json\/wp\/v2\/posts\/3850","targetHints":{"allow":["GET"]}}],"collection":[{"href":"https:\/\/www.anofm.ro\/olt\/wp-json\/wp\/v2\/posts"}],"about":[{"href":"https:\/\/www.anofm.ro\/olt\/wp-json\/wp\/v2\/types\/post"}],"replies":[{"embeddable":true,"href":"https:\/\/www.anofm.ro\/olt\/wp-json\/wp\/v2\/comments?post=3850"}],"version-history":[{"count":0,"href":"https:\/\/www.anofm.ro\/olt\/wp-json\/wp\/v2\/posts\/3850\/revisions"}],"wp:attachment":[{"href":"https:\/\/www.anofm.ro\/olt\/wp-json\/wp\/v2\/media?parent=3850"}],"wp:term":[{"taxonomy":"category","embeddable":true,"href":"https:\/\/www.anofm.ro\/olt\/wp-json\/wp\/v2\/categories?post=3850"},{"taxonomy":"post_tag","embeddable":true,"href":"https:\/\/www.anofm.ro\/olt\/wp-json\/wp\/v2\/tags?post=3850"}],"curies":[{"name":"wp","href":"https:\/\/api.w.org\/{rel}","templated":true}]}}