{"id":3848,"date":"2024-05-13T00:00:00","date_gmt":"2024-05-12T21:00:00","guid":{"rendered":"https:\/\/www.anofm.ro\/olt\/bursa-generala-a-locurilor-de-munca-17-mai-2024\/"},"modified":"2024-05-13T00:00:00","modified_gmt":"2024-05-12T21:00:00","slug":"bursa-generala-a-locurilor-de-munca-17-mai-2024","status":"publish","type":"post","link":"https:\/\/www.anofm.ro\/olt\/bursa-generala-a-locurilor-de-munca-17-mai-2024\/","title":{"rendered":"BURSA GENERALA A LOCURILOR DE MUNCA &#8211; 17 MAI 2024"},"content":{"rendered":"<p>BURSA GENERALA A LOCURILOR DE MUNCA &#8211; 17 MAI 2024<\/p>\n<\/p>\n<p class=\"MsoNormal\" style=\"margin-top:5.0pt;margin-right:0in;margin-bottom:5.0pt;margin-left:0in;text-align:left;line-height:normal\" align=\"left\"><span style=\"font-size:12.0pt\">Agen\u021bia Na\u021bional\u0103 pentru Ocuparea<br \/>\nFor\u021bei de Munc\u0103 organizeaz\u0103, la nivel na\u0163ional, Bursa General\u0103 a Locurilor de<br \/>\nMunc\u0103, \u00een data de 17 mai 2024. <\/span><\/p>\n<p class=\"MsoNormal\" style=\"margin:0in;margin-bottom:.0001pt\"><span style=\"font-size:12.0pt;line-height:115%\" lang=\"RO\">\u00cen jude\u0163ul Olt e<\/span><span style=\"font-size:12.0pt;line-height:115%\">venimentul se va<br \/>\ndesf\u0103\u015fura \u00eencep\u00e2nd cu ora 9,00, in:<\/span><\/p>\n<p class=\"MsoListParagraph\" style=\"margin-top:0in;margin-right:0in;margin-bottom:0in;margin-left:39.0pt;margin-bottom:.0001pt;text-indent:-.25in\"><span style=\"font-size:12.0pt;line-height:115%;font-family:Wingdings\"><span>\u00d8<span style=\"font:7.0pt\">\u00a0 <\/span><\/span><\/span><span style=\"font-size:12.0pt;line-height:115%\">Slatina \u2013 Casa de Cultura a<br \/>\nSindicatelor <\/span><\/p>\n<p class=\"MsoListParagraph\" style=\"margin-top:0in;margin-right:0in;margin-bottom:0in;margin-left:39.0pt;margin-bottom:.0001pt;text-indent:-.25in\"><span style=\"font-size:12.0pt;line-height:115%;font-family:Wingdings\"><span>\u00d8<span style=\"font:7.0pt\">\u00a0 <\/span><\/span><\/span><span style=\"font-size:12.0pt;line-height:115%\">Caracal \u2013 sediul Agentiei Locale<br \/>\nCaracal<\/span><\/p>\n<p class=\"MsoNormal\" style=\"margin-top:5.0pt;margin-right:0in;margin-bottom:5.0pt;margin-left:0in;text-align:left;line-height:normal\" align=\"left\"><span style=\"font-size:12.0pt\">\u015fi se adreseaz\u0103 persoanelor aflate<br \/>\n\u00een c\u0103utarea unui loc de munc\u0103 sau celor care doresc s\u0103 se reorienteze profesional<br \/>\nspre ocupa\u0163ii cu posibilit\u0103\u0163i de men\u0163inere a raportului de munc\u0103 pe termen<br \/>\nmediu \u015fi lung. <\/span><\/p>\n<\/p>\n<div class=\"file-list-wrap\">\n<ul class=\"file-list\">\n<li><a href=\"\/upload2\/Olt\/29650\/COMUNICAT_DE_PRESA_-_BURSA_GENERALA_A_LOCURILOR_DE_MUNCA_-_17_MAI_2024.pdf\" download>COMUNICAT_DE_PRESA_-_BURSA_GENERALA_A_LOCURILOR_DE_MUNCA_-_17_MAI_2024.pdf<\/a><\/li>\n<\/ul>\n<\/div>\n","protected":false},"excerpt":{"rendered":"<p>BURSA GENERALA A LOCURILOR DE MUNCA &#8211; 17 MAI 2024<\/p>\n","protected":false},"author":0,"featured_media":0,"comment_status":"closed","ping_status":"closed","sticky":false,"template":"","format":"standard","meta":{"footnotes":""},"categories":[9],"tags":[],"class_list":["post-3848","post","type-post","status-publish","format-standard","hentry","category-comunicate-de-presa"],"_links":{"self":[{"href":"https:\/\/www.anofm.ro\/olt\/wp-json\/wp\/v2\/posts\/3848","targetHints":{"allow":["GET"]}}],"collection":[{"href":"https:\/\/www.anofm.ro\/olt\/wp-json\/wp\/v2\/posts"}],"about":[{"href":"https:\/\/www.anofm.ro\/olt\/wp-json\/wp\/v2\/types\/post"}],"replies":[{"embeddable":true,"href":"https:\/\/www.anofm.ro\/olt\/wp-json\/wp\/v2\/comments?post=3848"}],"version-history":[{"count":0,"href":"https:\/\/www.anofm.ro\/olt\/wp-json\/wp\/v2\/posts\/3848\/revisions"}],"wp:attachment":[{"href":"https:\/\/www.anofm.ro\/olt\/wp-json\/wp\/v2\/media?parent=3848"}],"wp:term":[{"taxonomy":"category","embeddable":true,"href":"https:\/\/www.anofm.ro\/olt\/wp-json\/wp\/v2\/categories?post=3848"},{"taxonomy":"post_tag","embeddable":true,"href":"https:\/\/www.anofm.ro\/olt\/wp-json\/wp\/v2\/tags?post=3848"}],"curies":[{"name":"wp","href":"https:\/\/api.w.org\/{rel}","templated":true}]}}