{"id":3805,"date":"2024-01-31T00:00:00","date_gmt":"2024-01-30T22:00:00","guid":{"rendered":"https:\/\/www.anofm.ro\/olt\/521-rata-somajului-inregistrat-in-evidentele-ajofm-olt-in-luna-noiembrie-2023\/"},"modified":"2024-01-31T00:00:00","modified_gmt":"2024-01-30T22:00:00","slug":"521-rata-somajului-inregistrat-in-evidentele-ajofm-olt-in-luna-noiembrie-2023","status":"publish","type":"post","link":"https:\/\/www.anofm.ro\/olt\/521-rata-somajului-inregistrat-in-evidentele-ajofm-olt-in-luna-noiembrie-2023\/","title":{"rendered":"5,21 % &#8211;  rata \u015fomajului \u00eenregistrat \u00een eviden\u0163ele AJOFM  Olt \u00een luna  NOIEMBRIE  2023"},"content":{"rendered":"<p>5,21 % &#8211;\u00a0 rata \u015fomajului \u00eenregistrat \u00een eviden\u0163ele AJOFM\u00a0 Olt \u00een luna\u00a0 NOIEMBRIE\u00a0 2023<\/p>\n<\/p>\n<p class=\"MsoNormal\" style=\"margin-left:0in\"><span style=\"color:black\">La sf\u00e2r\u0219itul lunii <span>\u00a0<\/span><b>NOIEMBRIE <span>\u00a0<\/span>2023 <\/b>\u00een eviden\u021bele Agen\u021biei Jude\u021bene<br \/>\npentru Ocuparea For\u021bei de Munc\u0103 Olt, erau \u00eenregistra\u021bi <span>\u00a0<\/span><b>6.972<\/b><br \/>\n<span>\u00a0<\/span>\u0219omeri (din care <b>3.187 <span>\u00a0<\/span><span>\u00a0<\/span>femei<\/b>), rata <\/span><span style=\"color:black\" lang=\"RO\">\u0219<\/span><span style=\"color:black\">omajului fiind de <b>5,21 % .<\/b><\/span><\/p>\n<\/p>\n<div class=\"file-list-wrap\">\n<ul class=\"file-list\">\n<li><a href=\"\/upload2\/Olt\/28377\/521_-_rata_somajului_inregistrat_in_evidentele_AJOFM_Olt_in_luna_NOIEMBRIE_2023.pdf\" download>521_-_rata_somajului_inregistrat_in_evidentele_AJOFM_Olt_in_luna_NOIEMBRIE_2023.pdf<\/a><\/li>\n<\/ul>\n<\/div>\n","protected":false},"excerpt":{"rendered":"<p>5,21 % &#8211;  rata \u015fomajului \u00eenregistrat \u00een eviden\u0163ele AJOFM  Olt \u00een luna  NOIEMBRIE  2023<\/p>\n","protected":false},"author":0,"featured_media":0,"comment_status":"closed","ping_status":"closed","sticky":false,"template":"","format":"standard","meta":{"footnotes":""},"categories":[9],"tags":[],"class_list":["post-3805","post","type-post","status-publish","format-standard","hentry","category-comunicate-de-presa"],"_links":{"self":[{"href":"https:\/\/www.anofm.ro\/olt\/wp-json\/wp\/v2\/posts\/3805","targetHints":{"allow":["GET"]}}],"collection":[{"href":"https:\/\/www.anofm.ro\/olt\/wp-json\/wp\/v2\/posts"}],"about":[{"href":"https:\/\/www.anofm.ro\/olt\/wp-json\/wp\/v2\/types\/post"}],"replies":[{"embeddable":true,"href":"https:\/\/www.anofm.ro\/olt\/wp-json\/wp\/v2\/comments?post=3805"}],"version-history":[{"count":0,"href":"https:\/\/www.anofm.ro\/olt\/wp-json\/wp\/v2\/posts\/3805\/revisions"}],"wp:attachment":[{"href":"https:\/\/www.anofm.ro\/olt\/wp-json\/wp\/v2\/media?parent=3805"}],"wp:term":[{"taxonomy":"category","embeddable":true,"href":"https:\/\/www.anofm.ro\/olt\/wp-json\/wp\/v2\/categories?post=3805"},{"taxonomy":"post_tag","embeddable":true,"href":"https:\/\/www.anofm.ro\/olt\/wp-json\/wp\/v2\/tags?post=3805"}],"curies":[{"name":"wp","href":"https:\/\/api.w.org\/{rel}","templated":true}]}}