{"id":3804,"date":"2024-01-31T00:00:00","date_gmt":"2024-01-30T22:00:00","guid":{"rendered":"https:\/\/www.anofm.ro\/olt\/3-programe-de-formare-profesionala-vor-incepe-in-luna-ianuarie-2024-la-nivel-judetean\/"},"modified":"2024-01-31T00:00:00","modified_gmt":"2024-01-30T22:00:00","slug":"3-programe-de-formare-profesionala-vor-incepe-in-luna-ianuarie-2024-la-nivel-judetean","status":"publish","type":"post","link":"https:\/\/www.anofm.ro\/olt\/3-programe-de-formare-profesionala-vor-incepe-in-luna-ianuarie-2024-la-nivel-judetean\/","title":{"rendered":"3 programe de formare profesional\u0103 vor \u00eencepe \u00een luna ianuarie   2024, la nivel jude\u0163ean"},"content":{"rendered":"<p>3 programe de formare profesional\u0103 vor \u00eencepe \u00een luna ianuarie\u00a0\u00a0 2024, la nivel jude\u0163ean<\/p>\n<\/p>\n<p class=\"MsoNormal\" style=\"margin:0in;margin-bottom:.0001pt;line-height:95%\"><span>La nivel jude\u0163ean, \u00een luna ianuarie<br \/>\n2024 A<\/span><span lang=\"RO\">gen\u0163ia <\/span><span>Jude\u0163ean\u0103<br \/>\npentru Ocuparea For\u0163ei de Munc\u0103 Olt isi propune sa organizeze 3 programe de<br \/>\nformare profesional\u0103 pentru 42 persoane aflate \u00een c\u0103utarea unui loc de munc\u0103. <\/span><\/p>\n<\/p>\n<div class=\"file-list-wrap\">\n<ul class=\"file-list\">\n<li><a href=\"\/upload2\/Olt\/28374\/3_programe_de_formare_profesionala_vor_incepe_in_luna_ianuarie_2024_la_nivel_judetean.pdf\" download>3_programe_de_formare_profesionala_vor_incepe_in_luna_ianuarie_2024_la_nivel_judetean.pdf<\/a><\/li>\n<\/ul>\n<\/div>\n","protected":false},"excerpt":{"rendered":"<p>3 programe de formare profesional\u0103 vor \u00eencepe \u00een luna ianuarie   2024, la nivel jude\u0163ean<\/p>\n","protected":false},"author":0,"featured_media":0,"comment_status":"closed","ping_status":"closed","sticky":false,"template":"","format":"standard","meta":{"footnotes":""},"categories":[9],"tags":[],"class_list":["post-3804","post","type-post","status-publish","format-standard","hentry","category-comunicate-de-presa"],"_links":{"self":[{"href":"https:\/\/www.anofm.ro\/olt\/wp-json\/wp\/v2\/posts\/3804","targetHints":{"allow":["GET"]}}],"collection":[{"href":"https:\/\/www.anofm.ro\/olt\/wp-json\/wp\/v2\/posts"}],"about":[{"href":"https:\/\/www.anofm.ro\/olt\/wp-json\/wp\/v2\/types\/post"}],"replies":[{"embeddable":true,"href":"https:\/\/www.anofm.ro\/olt\/wp-json\/wp\/v2\/comments?post=3804"}],"version-history":[{"count":0,"href":"https:\/\/www.anofm.ro\/olt\/wp-json\/wp\/v2\/posts\/3804\/revisions"}],"wp:attachment":[{"href":"https:\/\/www.anofm.ro\/olt\/wp-json\/wp\/v2\/media?parent=3804"}],"wp:term":[{"taxonomy":"category","embeddable":true,"href":"https:\/\/www.anofm.ro\/olt\/wp-json\/wp\/v2\/categories?post=3804"},{"taxonomy":"post_tag","embeddable":true,"href":"https:\/\/www.anofm.ro\/olt\/wp-json\/wp\/v2\/tags?post=3804"}],"curies":[{"name":"wp","href":"https:\/\/api.w.org\/{rel}","templated":true}]}}