{"id":3797,"date":"2024-02-29T00:00:00","date_gmt":"2024-02-28T22:00:00","guid":{"rendered":"https:\/\/www.anofm.ro\/olt\/382-persoane-angajate-prin-intermediul-agentiei-judetene-pentru-ocuparea-fortei-de-munca-olt\/"},"modified":"2024-02-29T00:00:00","modified_gmt":"2024-02-28T22:00:00","slug":"382-persoane-angajate-prin-intermediul-agentiei-judetene-pentru-ocuparea-fortei-de-munca-olt","status":"publish","type":"post","link":"https:\/\/www.anofm.ro\/olt\/382-persoane-angajate-prin-intermediul-agentiei-judetene-pentru-ocuparea-fortei-de-munca-olt\/","title":{"rendered":"382  persoane angajate prin intermediul Agen\u0163iei Jude\u0163ene pentru Ocuparea For\u0163ei de Munc\u0103 Olt"},"content":{"rendered":"<p class=\"MsoNormal\" style=\"margin:0in;margin-bottom:.0001pt\"><b><span>382<span>\u00a0 <\/span>persoane<\/span><\/b><b><span lang=\"RO\"> angajate prin intermediul Agen\u0163iei Jude\u0163ene pentru Ocuparea For\u0163ei de<br \/>\nMunc\u0103 Olt<\/span><\/b><\/p>\n<div class=\"file-list-wrap\">\n<ul class=\"file-list\">\n<li><a href=\"\/upload2\/Olt\/28914\/382_persoane_incadrate_prin_intermediul_AJOFM_Olt_in_prima_luna_a_anului_2024.pdf\" download>382_persoane_incadrate_prin_intermediul_AJOFM_Olt_in_prima_luna_a_anului_2024.pdf<\/a><\/li>\n<\/ul>\n<\/div>\n","protected":false},"excerpt":{"rendered":"<p>382  persoane angajate prin intermediul Agen\u0163iei Jude\u0163ene pentru Ocuparea For\u0163ei de Munc\u0103 Olt<\/p>\n","protected":false},"author":0,"featured_media":0,"comment_status":"closed","ping_status":"closed","sticky":false,"template":"","format":"standard","meta":{"footnotes":""},"categories":[9],"tags":[],"class_list":["post-3797","post","type-post","status-publish","format-standard","hentry","category-comunicate-de-presa"],"_links":{"self":[{"href":"https:\/\/www.anofm.ro\/olt\/wp-json\/wp\/v2\/posts\/3797","targetHints":{"allow":["GET"]}}],"collection":[{"href":"https:\/\/www.anofm.ro\/olt\/wp-json\/wp\/v2\/posts"}],"about":[{"href":"https:\/\/www.anofm.ro\/olt\/wp-json\/wp\/v2\/types\/post"}],"replies":[{"embeddable":true,"href":"https:\/\/www.anofm.ro\/olt\/wp-json\/wp\/v2\/comments?post=3797"}],"version-history":[{"count":0,"href":"https:\/\/www.anofm.ro\/olt\/wp-json\/wp\/v2\/posts\/3797\/revisions"}],"wp:attachment":[{"href":"https:\/\/www.anofm.ro\/olt\/wp-json\/wp\/v2\/media?parent=3797"}],"wp:term":[{"taxonomy":"category","embeddable":true,"href":"https:\/\/www.anofm.ro\/olt\/wp-json\/wp\/v2\/categories?post=3797"},{"taxonomy":"post_tag","embeddable":true,"href":"https:\/\/www.anofm.ro\/olt\/wp-json\/wp\/v2\/tags?post=3797"}],"curies":[{"name":"wp","href":"https:\/\/api.w.org\/{rel}","templated":true}]}}