{"id":3795,"date":"2024-02-22T00:00:00","date_gmt":"2024-02-21T22:00:00","guid":{"rendered":"https:\/\/www.anofm.ro\/olt\/3-programe-de-formare-profesionala-vor-incepe-in-luna-martie-2024-la-nivel-judetean\/"},"modified":"2024-02-22T00:00:00","modified_gmt":"2024-02-21T22:00:00","slug":"3-programe-de-formare-profesionala-vor-incepe-in-luna-martie-2024-la-nivel-judetean","status":"publish","type":"post","link":"https:\/\/www.anofm.ro\/olt\/3-programe-de-formare-profesionala-vor-incepe-in-luna-martie-2024-la-nivel-judetean\/","title":{"rendered":"3 programe de formare profesional\u0103 vor \u00eencepe \u00een luna martie  2024, la nivel jude\u0163ean"},"content":{"rendered":"<p>3 programe de formare profesional\u0103 vor \u00eencepe \u00een luna martie\u00a0 2024, la nivel jude\u0163ean<\/p>\n<div class=\"file-list-wrap\">\n<ul class=\"file-list\">\n<li><a href=\"\/upload2\/Olt\/28808\/3_programe_de_formare_profesionala_vor_incepe_in_luna_martie_2024_la_nivel_judetean.pdf\" download>3_programe_de_formare_profesionala_vor_incepe_in_luna_martie_2024_la_nivel_judetean.pdf<\/a><\/li>\n<\/ul>\n<\/div>\n","protected":false},"excerpt":{"rendered":"<p>3 programe de formare profesional\u0103 vor \u00eencepe \u00een luna martie  2024, la nivel jude\u0163ean<\/p>\n","protected":false},"author":0,"featured_media":0,"comment_status":"closed","ping_status":"closed","sticky":false,"template":"","format":"standard","meta":{"footnotes":""},"categories":[9],"tags":[],"class_list":["post-3795","post","type-post","status-publish","format-standard","hentry","category-comunicate-de-presa"],"_links":{"self":[{"href":"https:\/\/www.anofm.ro\/olt\/wp-json\/wp\/v2\/posts\/3795","targetHints":{"allow":["GET"]}}],"collection":[{"href":"https:\/\/www.anofm.ro\/olt\/wp-json\/wp\/v2\/posts"}],"about":[{"href":"https:\/\/www.anofm.ro\/olt\/wp-json\/wp\/v2\/types\/post"}],"replies":[{"embeddable":true,"href":"https:\/\/www.anofm.ro\/olt\/wp-json\/wp\/v2\/comments?post=3795"}],"version-history":[{"count":0,"href":"https:\/\/www.anofm.ro\/olt\/wp-json\/wp\/v2\/posts\/3795\/revisions"}],"wp:attachment":[{"href":"https:\/\/www.anofm.ro\/olt\/wp-json\/wp\/v2\/media?parent=3795"}],"wp:term":[{"taxonomy":"category","embeddable":true,"href":"https:\/\/www.anofm.ro\/olt\/wp-json\/wp\/v2\/categories?post=3795"},{"taxonomy":"post_tag","embeddable":true,"href":"https:\/\/www.anofm.ro\/olt\/wp-json\/wp\/v2\/tags?post=3795"}],"curies":[{"name":"wp","href":"https:\/\/api.w.org\/{rel}","templated":true}]}}