{"id":2878,"date":"2023-12-15T00:00:00","date_gmt":"2023-12-14T22:00:00","guid":{"rendered":"https:\/\/www.anofm.ro\/olt\/6071-persoane-incadrate-prin-intermediul-ajofm-olt-in-primele-unsprezece-luni-ale-anului-2023\/"},"modified":"2023-12-15T00:00:00","modified_gmt":"2023-12-14T22:00:00","slug":"6071-persoane-incadrate-prin-intermediul-ajofm-olt-in-primele-unsprezece-luni-ale-anului-2023","status":"publish","type":"post","link":"https:\/\/www.anofm.ro\/olt\/6071-persoane-incadrate-prin-intermediul-ajofm-olt-in-primele-unsprezece-luni-ale-anului-2023\/","title":{"rendered":"6071 persoane incadrate prin intermediul AJOFM Olt, \u00een primele unsprezece luni ale anului 2023"},"content":{"rendered":"<p>6071 persoane incadrate prin intermediul AJOFM Olt, \u00een primele unsprezece luni ale anului 2023<\/p>\n<\/p>\n<p class=\"MsoNormal\" style=\"margin-left:0in\"><b><span lang=\"RO\">\u00cen primele unsprezece luni<br \/>\nale anului 2023,<\/span><\/b><span lang=\"RO\"> urmare a<br \/>\nserviciilor \u015fi m\u0103surilor de stimulare a ocup\u0103rii for\u0163ei de munc\u0103 oferite de<br \/>\nAgen\u0163ia Jude\u0163ean\u0103 pentru Ocuparea Fortei de Munca Olt, 6.071 persoane au fost<br \/>\n\u00eencadrate \u00een munc\u0103. <\/span><\/p>\n<\/p>\n<div class=\"file-list-wrap\">\n<ul class=\"file-list\">\n<li><a href=\"\/upload2\/Olt\/28282\/6071_persoane_incadrate_prin_intermediul_AJOFM_Olt_in_primele_unsprezece_luni_ale_anului_2023.pdf\" download>6071_persoane_incadrate_prin_intermediul_AJOFM_Olt_in_primele_unsprezece_luni_ale_anului_2023.pdf<\/a><\/li>\n<\/ul>\n<\/div>\n","protected":false},"excerpt":{"rendered":"<p>6071 persoane incadrate prin intermediul AJOFM Olt, \u00een primele unsprezece luni ale anului 2023<\/p>\n","protected":false},"author":0,"featured_media":0,"comment_status":"closed","ping_status":"closed","sticky":false,"template":"","format":"standard","meta":{"footnotes":""},"categories":[9],"tags":[],"class_list":["post-2878","post","type-post","status-publish","format-standard","hentry","category-comunicate-de-presa"],"_links":{"self":[{"href":"https:\/\/www.anofm.ro\/olt\/wp-json\/wp\/v2\/posts\/2878","targetHints":{"allow":["GET"]}}],"collection":[{"href":"https:\/\/www.anofm.ro\/olt\/wp-json\/wp\/v2\/posts"}],"about":[{"href":"https:\/\/www.anofm.ro\/olt\/wp-json\/wp\/v2\/types\/post"}],"replies":[{"embeddable":true,"href":"https:\/\/www.anofm.ro\/olt\/wp-json\/wp\/v2\/comments?post=2878"}],"version-history":[{"count":0,"href":"https:\/\/www.anofm.ro\/olt\/wp-json\/wp\/v2\/posts\/2878\/revisions"}],"wp:attachment":[{"href":"https:\/\/www.anofm.ro\/olt\/wp-json\/wp\/v2\/media?parent=2878"}],"wp:term":[{"taxonomy":"category","embeddable":true,"href":"https:\/\/www.anofm.ro\/olt\/wp-json\/wp\/v2\/categories?post=2878"},{"taxonomy":"post_tag","embeddable":true,"href":"https:\/\/www.anofm.ro\/olt\/wp-json\/wp\/v2\/tags?post=2878"}],"curies":[{"name":"wp","href":"https:\/\/api.w.org\/{rel}","templated":true}]}}