{"id":264,"date":"2023-10-23T00:00:00","date_gmt":"2023-10-22T21:00:00","guid":{"rendered":"https:\/\/www.anofm.ro\/olt\/2-programe-de-formare-profesionala-vor-incepe-in-luna-noiembrie-2023-la-nivel-judetean\/"},"modified":"2023-10-23T00:00:00","modified_gmt":"2023-10-22T21:00:00","slug":"2-programe-de-formare-profesionala-vor-incepe-in-luna-noiembrie-2023-la-nivel-judetean","status":"publish","type":"post","link":"https:\/\/www.anofm.ro\/olt\/2-programe-de-formare-profesionala-vor-incepe-in-luna-noiembrie-2023-la-nivel-judetean\/","title":{"rendered":"2 programe de formare profesional\u0103 vor \u00eencepe \u00een luna noiembrie  2023, la nivel jude\u0163ean"},"content":{"rendered":"<p>2 programe de formare profesional\u0103 vor \u00eencepe \u00een luna noiembrie\u00a0 2023, la nivel jude\u0163ean<\/p>\n<\/p>\n<p class=\"MsoNormal\" style=\"margin:0in;margin-bottom:.0001pt;line-height:95%\"><span>La nivel jude\u0163ean, \u00een luna<br \/>\nnoiembrie 2023 A<\/span><span lang=\"RO\">gen\u0163ia <\/span><span>Jude\u0163ean\u0103<br \/>\npentru Ocuparea For\u0163ei de Munc\u0103 Olt isi propune sa organizeze 2 programe de<br \/>\nformare profesional\u0103 pentru 28 persoane aflate \u00een c\u0103utarea unui loc de munc\u0103. <\/span><\/p>\n<p class=\"MsoNormal\" style=\"margin:0in;margin-bottom:.0001pt;line-height:95%\"><span>Principalele meseriiocupatii, in<br \/>\nfunctie de numarul de participanti, pentru care se vor organiza programe de<br \/>\nformare profesional<\/span><span lang=\"RO\">\u0103 <\/span><span>gratuite<br \/>\npentru someri sunt:<\/span><\/p>\n<p class=\"MsoListParagraph\" style=\"margin-top:0in;margin-right:0in;margin-bottom:0in;margin-left:31.5pt;margin-bottom:.0001pt;text-indent:-.25in;line-height:95%\"><span style=\"font-family:Wingdings\"><span>\u00fc<span style=\"font:7.0pt\">\u00a0<br \/>\n<\/span><\/span><\/span><span>lucrator<br \/>\ncomercial \u2013 14 persoane<\/span><\/p>\n<p class=\"MsoListParagraph\" style=\"margin-top:0in;margin-right:0in;margin-bottom:0in;margin-left:31.5pt;margin-bottom:.0001pt;text-indent:-.25in;line-height:95%\"><span style=\"font-family:Wingdings\"><span>\u00fc<span style=\"font:7.0pt\">\u00a0<br \/>\n<\/span><\/span><\/span><span>manichiurist<br \/>\n\u2013 14 persoane<\/span><\/p>\n<\/p>\n<div class=\"file-list-wrap\">\n<ul class=\"file-list\">\n<li><a href=\"\/upload2\/Olt\/27704\/2_programe_de_formare_profesionala_vor_incepe_in_luna_noiembrie_2023_la_nivel_judetean.pdf\" download>2_programe_de_formare_profesionala_vor_incepe_in_luna_noiembrie_2023_la_nivel_judetean.pdf<\/a><\/li>\n<\/ul>\n<\/div>\n","protected":false},"excerpt":{"rendered":"<p>2 programe de formare profesional\u0103 vor \u00eencepe \u00een luna noiembrie  2023, la nivel jude\u0163ean<\/p>\n","protected":false},"author":0,"featured_media":0,"comment_status":"closed","ping_status":"closed","sticky":false,"template":"","format":"standard","meta":{"footnotes":""},"categories":[9],"tags":[],"class_list":["post-264","post","type-post","status-publish","format-standard","hentry","category-comunicate-de-presa"],"_links":{"self":[{"href":"https:\/\/www.anofm.ro\/olt\/wp-json\/wp\/v2\/posts\/264","targetHints":{"allow":["GET"]}}],"collection":[{"href":"https:\/\/www.anofm.ro\/olt\/wp-json\/wp\/v2\/posts"}],"about":[{"href":"https:\/\/www.anofm.ro\/olt\/wp-json\/wp\/v2\/types\/post"}],"replies":[{"embeddable":true,"href":"https:\/\/www.anofm.ro\/olt\/wp-json\/wp\/v2\/comments?post=264"}],"version-history":[{"count":0,"href":"https:\/\/www.anofm.ro\/olt\/wp-json\/wp\/v2\/posts\/264\/revisions"}],"wp:attachment":[{"href":"https:\/\/www.anofm.ro\/olt\/wp-json\/wp\/v2\/media?parent=264"}],"wp:term":[{"taxonomy":"category","embeddable":true,"href":"https:\/\/www.anofm.ro\/olt\/wp-json\/wp\/v2\/categories?post=264"},{"taxonomy":"post_tag","embeddable":true,"href":"https:\/\/www.anofm.ro\/olt\/wp-json\/wp\/v2\/tags?post=264"}],"curies":[{"name":"wp","href":"https:\/\/api.w.org\/{rel}","templated":true}]}}