{"id":23,"date":"2018-12-05T00:00:00","date_gmt":"2018-12-04T22:00:00","guid":{"rendered":"https:\/\/www.anofm.ro\/olt\/comunicat-presa-subventii-lunare-de-2-250-lei-pentru-angajatorii-care-incadreaza-in-munca-someri\/"},"modified":"2018-12-05T00:00:00","modified_gmt":"2018-12-04T22:00:00","slug":"comunicat-presa-subventii-lunare-de-2-250-lei-pentru-angajatorii-care-incadreaza-in-munca-someri","status":"publish","type":"post","link":"https:\/\/www.anofm.ro\/olt\/comunicat-presa-subventii-lunare-de-2-250-lei-pentru-angajatorii-care-incadreaza-in-munca-someri\/","title":{"rendered":"Comunicat presa Subventii lunare de 2.250 lei pentru angajatorii care \u00eencadreaza \u00een munca someri"},"content":{"rendered":"<p>Comunicat presa Subventii lunare de 2.250 lei pentru angajatorii care \u00eencadreaza \u00een munca someri.pdf<\/p>\n<p><a href=\"\/upload\/3137\/Comunicat_presa_Subventii_lunare_de_2.250_lei_pentru_angajatorii_care_%C3%AEncadreaza_%C3%AEn_munca_someri.pdf\">Comunicat_presa_Subventii_lunare_de_2.250_lei_pentru_angajatorii_care_\u00eencadreaza_\u00een_munca_someri.pdf<\/a> <\/p>\n","protected":false},"excerpt":{"rendered":"<p>&nbsp;Subventii, lunare,&nbsp; angajatorii<\/p>\n","protected":false},"author":0,"featured_media":0,"comment_status":"closed","ping_status":"closed","sticky":false,"template":"","format":"standard","meta":{"footnotes":""},"categories":[9],"tags":[],"class_list":["post-23","post","type-post","status-publish","format-standard","hentry","category-comunicate-de-presa"],"_links":{"self":[{"href":"https:\/\/www.anofm.ro\/olt\/wp-json\/wp\/v2\/posts\/23","targetHints":{"allow":["GET"]}}],"collection":[{"href":"https:\/\/www.anofm.ro\/olt\/wp-json\/wp\/v2\/posts"}],"about":[{"href":"https:\/\/www.anofm.ro\/olt\/wp-json\/wp\/v2\/types\/post"}],"replies":[{"embeddable":true,"href":"https:\/\/www.anofm.ro\/olt\/wp-json\/wp\/v2\/comments?post=23"}],"version-history":[{"count":0,"href":"https:\/\/www.anofm.ro\/olt\/wp-json\/wp\/v2\/posts\/23\/revisions"}],"wp:attachment":[{"href":"https:\/\/www.anofm.ro\/olt\/wp-json\/wp\/v2\/media?parent=23"}],"wp:term":[{"taxonomy":"category","embeddable":true,"href":"https:\/\/www.anofm.ro\/olt\/wp-json\/wp\/v2\/categories?post=23"},{"taxonomy":"post_tag","embeddable":true,"href":"https:\/\/www.anofm.ro\/olt\/wp-json\/wp\/v2\/tags?post=23"}],"curies":[{"name":"wp","href":"https:\/\/api.w.org\/{rel}","templated":true}]}}