{"id":161,"date":"2022-04-01T00:00:00","date_gmt":"2022-03-31T21:00:00","guid":{"rendered":"https:\/\/www.anofm.ro\/olt\/4-programe-de-formare-profesionala-vor-incepe-in-luna-aprilie-2022-la-nivel-judetean\/"},"modified":"2022-04-01T00:00:00","modified_gmt":"2022-03-31T21:00:00","slug":"4-programe-de-formare-profesionala-vor-incepe-in-luna-aprilie-2022-la-nivel-judetean","status":"publish","type":"post","link":"https:\/\/www.anofm.ro\/olt\/4-programe-de-formare-profesionala-vor-incepe-in-luna-aprilie-2022-la-nivel-judetean\/","title":{"rendered":"4 programe de formare profesional\u0103 vor \u00eencepe \u00een luna aprilie  2022, la nivel jude\u0163ean"},"content":{"rendered":"<p>4 programe de formare profesional\u0103 vor \u00eencepe \u00een luna aprilie\u00a0 2022, la nivel jude\u0163ean<\/p>\n<div class=\"file-list-wrap\">\n<ul class=\"file-list\">\n<li><a href=\"\/upload2\/Olt\/20281\/4_programe_de_formare_profesionala_vor_incepe_in_luna_aprilie_2022_la_nivel_judetean.odt\" download>4_programe_de_formare_profesionala_vor_incepe_in_luna_aprilie_2022_la_nivel_judetean.odt<\/a><\/li>\n<\/ul>\n<\/div>\n","protected":false},"excerpt":{"rendered":"<p>4 programe de formare profesional\u0103 vor \u00eencepe \u00een luna aprilie  2022, la nivel jude\u0163ean<\/p>\n","protected":false},"author":0,"featured_media":0,"comment_status":"closed","ping_status":"closed","sticky":false,"template":"","format":"standard","meta":{"footnotes":""},"categories":[9],"tags":[],"class_list":["post-161","post","type-post","status-publish","format-standard","hentry","category-comunicate-de-presa"],"_links":{"self":[{"href":"https:\/\/www.anofm.ro\/olt\/wp-json\/wp\/v2\/posts\/161","targetHints":{"allow":["GET"]}}],"collection":[{"href":"https:\/\/www.anofm.ro\/olt\/wp-json\/wp\/v2\/posts"}],"about":[{"href":"https:\/\/www.anofm.ro\/olt\/wp-json\/wp\/v2\/types\/post"}],"replies":[{"embeddable":true,"href":"https:\/\/www.anofm.ro\/olt\/wp-json\/wp\/v2\/comments?post=161"}],"version-history":[{"count":0,"href":"https:\/\/www.anofm.ro\/olt\/wp-json\/wp\/v2\/posts\/161\/revisions"}],"wp:attachment":[{"href":"https:\/\/www.anofm.ro\/olt\/wp-json\/wp\/v2\/media?parent=161"}],"wp:term":[{"taxonomy":"category","embeddable":true,"href":"https:\/\/www.anofm.ro\/olt\/wp-json\/wp\/v2\/categories?post=161"},{"taxonomy":"post_tag","embeddable":true,"href":"https:\/\/www.anofm.ro\/olt\/wp-json\/wp\/v2\/tags?post=161"}],"curies":[{"name":"wp","href":"https:\/\/api.w.org\/{rel}","templated":true}]}}