{"id":156,"date":"2022-03-03T00:00:00","date_gmt":"2022-03-02T22:00:00","guid":{"rendered":"https:\/\/www.anofm.ro\/olt\/comunicat-de-presa-angajare-cetateni-ucraineni-pe-teritoriul-romaniei\/"},"modified":"2022-03-03T00:00:00","modified_gmt":"2022-03-02T22:00:00","slug":"comunicat-de-presa-angajare-cetateni-ucraineni-pe-teritoriul-romaniei","status":"publish","type":"post","link":"https:\/\/www.anofm.ro\/olt\/comunicat-de-presa-angajare-cetateni-ucraineni-pe-teritoriul-romaniei\/","title":{"rendered":"Comunicat de presa &#8211; Angajare cetateni ucraineni pe teritoriul Romaniei"},"content":{"rendered":"<p>Agen\u021bia Na\u021bional\u0103 pentru Ocuparea For\u021bei de Munc\u0103 informeaz\u0103 agen\u021bii<br \/>\neconomici cu privire la faptul c\u0103 cet\u0103\u021benii ucraineni care doresc s\u0103 se<br \/>\nangajeze pe teritoriul \u021b\u0103rii noastre <b>nu au nevoie de aviz de angajare<\/b><br \/>\n pentru o perioad\u0103 de maximum 9 luni \u00eentr-un an calendaristic, potrivit<br \/>\nLegii nr. 200\/2020 pentru completarea Ordonan\u0163ei de urgen\u0163\u0103 a Guvernului<br \/>\n nr. 194\/2002 privind regimul str\u0103inilor \u00een Rom\u00e2nia \u015fi a Ordonan\u0163ei<br \/>\nGuvernului nr. 25\/2014 privind \u00eencadrarea \u00een munc\u0103 \u015fi deta\u015farea<br \/>\nstr\u0103inilor pe teritoriul Rom\u00e2niei \u015fi pentru modificarea \u015fi completarea<br \/>\nunor acte normative privind regimul str\u0103inilor \u00een Rom\u00e2nia.<\/p>\n","protected":false},"excerpt":{"rendered":"<p>Comunicat de presa &#8211; Angajare cetateni ucraineni pe teritoriul Romaniei<\/p>\n","protected":false},"author":0,"featured_media":0,"comment_status":"closed","ping_status":"closed","sticky":false,"template":"","format":"standard","meta":{"footnotes":""},"categories":[9],"tags":[],"class_list":["post-156","post","type-post","status-publish","format-standard","hentry","category-comunicate-de-presa"],"_links":{"self":[{"href":"https:\/\/www.anofm.ro\/olt\/wp-json\/wp\/v2\/posts\/156","targetHints":{"allow":["GET"]}}],"collection":[{"href":"https:\/\/www.anofm.ro\/olt\/wp-json\/wp\/v2\/posts"}],"about":[{"href":"https:\/\/www.anofm.ro\/olt\/wp-json\/wp\/v2\/types\/post"}],"replies":[{"embeddable":true,"href":"https:\/\/www.anofm.ro\/olt\/wp-json\/wp\/v2\/comments?post=156"}],"version-history":[{"count":0,"href":"https:\/\/www.anofm.ro\/olt\/wp-json\/wp\/v2\/posts\/156\/revisions"}],"wp:attachment":[{"href":"https:\/\/www.anofm.ro\/olt\/wp-json\/wp\/v2\/media?parent=156"}],"wp:term":[{"taxonomy":"category","embeddable":true,"href":"https:\/\/www.anofm.ro\/olt\/wp-json\/wp\/v2\/categories?post=156"},{"taxonomy":"post_tag","embeddable":true,"href":"https:\/\/www.anofm.ro\/olt\/wp-json\/wp\/v2\/tags?post=156"}],"curies":[{"name":"wp","href":"https:\/\/api.w.org\/{rel}","templated":true}]}}