{"id":148,"date":"2022-01-25T00:00:00","date_gmt":"2022-01-24T22:00:00","guid":{"rendered":"https:\/\/www.anofm.ro\/olt\/studiu-provocarile-revenirii-la-munca-dupa-o-boala-cronica-in-romania-obstacole-factori-facilitatori-si-colaborarea-celor-implicati-finantat-de-cncs-uefiscdi\/"},"modified":"2022-01-25T00:00:00","modified_gmt":"2022-01-24T22:00:00","slug":"studiu-provocarile-revenirii-la-munca-dupa-o-boala-cronica-in-romania-obstacole-factori-facilitatori-si-colaborarea-celor-implicati-finantat-de-cncs-uefiscdi","status":"publish","type":"post","link":"https:\/\/www.anofm.ro\/olt\/studiu-provocarile-revenirii-la-munca-dupa-o-boala-cronica-in-romania-obstacole-factori-facilitatori-si-colaborarea-celor-implicati-finantat-de-cncs-uefiscdi\/","title":{"rendered":"Studiu &#8211; Provocarile revenirii la munca dupa o boala cronica in Romania: obstacole, factori facilitatori si colaborarea celor implicati, finan\u021bat de CNCS-UEFISCDI"},"content":{"rendered":"<div>Studiu &#8211; Provocarile revenirii la munca dupa o boala cronica in Romania:<br \/>\n obstacole, factori facilitatori si colaborarea celor implicati,<br \/>\nfinan\u021bat de CNCS-UEFISCDI<\/div>\n<div>\n<p><\/p>\n<p>Centrul pentru Cercetarea Social\u0103 din cadrul Universit\u0103\u021bii \u201cLucian Blaga\u201d din Sibiu realizeaz\u0103 studiul \u201cProvoc\u0103rile revenirii la munc\u0103 dup\u0103 o boal\u0103 cronic\u0103 \u00een Rom\u00e2nia: obstacole, factori facilitatori \u0219i colaborarea celor implica\u021bi\u201d (cod PN-III-P4-ID-PCE-2020-1384, contract 154\/16.02.2021), finan\u021bat de CNCS-UEFISCDI. Proiectul are ca scop investigarea modului \u00een care patru categorii de actori sociali (stakeholderi) se raporteaz\u0103 la problema revenirii la munc\u0103 dup\u0103 boli cronice \u0219i astfel de a contribui la facilitarea reintegr\u0103rii pe pia\u021ba muncii a acestor angaja\u021bi.<\/p>\n<p>Astfel, la solicitarea doamnei conferen\u021biar univ. dr. Adela Popa, director proiect, sunt rugate s\u0103 completeze chestionarul, persoanele care au o boal\u0103 cronic\u0103 \u0219i se afl\u0103 \u00een una din urm\u0103toarele situa\u021bii:<\/p>\n<p>\u25aa \u00een prezent lucreaz\u0103 dar a avut un concediu medical de lung\u0103 durat\u0103 \u00een ultimii 5 ani;<\/p>\n<p>\u25aa este \u00een concediu medical de cel pu\u021bin o lun\u0103 din cauza bolii cronice de care sufer\u0103;<\/p>\n<p>\u25aa este \u00een pensie de boal\u0103, \u00eencadrat\u0103 \u00een gradul trei de invaliditate;<\/p>\n<p>\u25aa nu are un loc de munc\u0103 \u0219i nu beneficiaz\u0103 de pensie de boal\u0103 sau alt tip de pensie, dar dore\u0219te s\u0103 lucreze sau este \u00een c\u0103utarea unui loc de munc\u0103.<\/p>\n<p>Chestionar online: https:\/\/www.surveymonkey.com\/r\/munca1<\/p>\n<p><\/p>\n<\/div>\n","protected":false},"excerpt":{"rendered":"<p>Studiu &#8211; Provocarile revenirii la munca dupa o boala cronica in Romania: obstacole, factori facilitatori si colaborarea celor implicati, finan\u021bat de CNCS-UEFISCDI<\/p>\n","protected":false},"author":0,"featured_media":0,"comment_status":"closed","ping_status":"closed","sticky":false,"template":"","format":"standard","meta":{"footnotes":""},"categories":[4],"tags":[],"class_list":["post-148","post","type-post","status-publish","format-standard","hentry","category-anunturi-diverse"],"_links":{"self":[{"href":"https:\/\/www.anofm.ro\/olt\/wp-json\/wp\/v2\/posts\/148","targetHints":{"allow":["GET"]}}],"collection":[{"href":"https:\/\/www.anofm.ro\/olt\/wp-json\/wp\/v2\/posts"}],"about":[{"href":"https:\/\/www.anofm.ro\/olt\/wp-json\/wp\/v2\/types\/post"}],"replies":[{"embeddable":true,"href":"https:\/\/www.anofm.ro\/olt\/wp-json\/wp\/v2\/comments?post=148"}],"version-history":[{"count":0,"href":"https:\/\/www.anofm.ro\/olt\/wp-json\/wp\/v2\/posts\/148\/revisions"}],"wp:attachment":[{"href":"https:\/\/www.anofm.ro\/olt\/wp-json\/wp\/v2\/media?parent=148"}],"wp:term":[{"taxonomy":"category","embeddable":true,"href":"https:\/\/www.anofm.ro\/olt\/wp-json\/wp\/v2\/categories?post=148"},{"taxonomy":"post_tag","embeddable":true,"href":"https:\/\/www.anofm.ro\/olt\/wp-json\/wp\/v2\/tags?post=148"}],"curies":[{"name":"wp","href":"https:\/\/api.w.org\/{rel}","templated":true}]}}