{"id":125,"date":"2021-07-29T00:00:00","date_gmt":"2021-07-28T21:00:00","guid":{"rendered":"https:\/\/www.anofm.ro\/olt\/3-programe-de-formare-profesionala-vor-incepe-in-luna-august-2021-la-nivel-judetean\/"},"modified":"2021-07-29T00:00:00","modified_gmt":"2021-07-28T21:00:00","slug":"3-programe-de-formare-profesionala-vor-incepe-in-luna-august-2021-la-nivel-judetean","status":"publish","type":"post","link":"https:\/\/www.anofm.ro\/olt\/3-programe-de-formare-profesionala-vor-incepe-in-luna-august-2021-la-nivel-judetean\/","title":{"rendered":"3 programe de formare profesional\u0103 vor \u00eencepe \u00een luna august  2021, la nivel jude\u0163ean"},"content":{"rendered":"<p class=\"MsoNormal\" style=\"margin:0in;margin-bottom:.0001pt;line-height:normal\"><span lang=\"EN-GB\">3 programe de formare profesional\u0103 vor \u00eencepe <\/span><span lang=\"RO\">\u00ee<\/span><span lang=\"EN-GB\">n luna august<span>\u00a0<br \/>\n<\/span>2021, la nivel jude\u0163ean<\/p>\n<p><a href=\"\/upload\/17198\/prognoza_cursuri_august_2021.docx\">prognoza_cursuri_august_2021.docx<\/a> <\/p>\n<\/p>\n<p><\/span><\/p>\n<p class=\"MsoNormal\"><span lang=\"EN-GB\">\u00a0<\/span><\/p>\n","protected":false},"excerpt":{"rendered":"<p>3 programe de formare profesional\u0103 vor \u00eencepe \u00een luna august  2021, la nivel jude\u0163ean<\/p>\n","protected":false},"author":0,"featured_media":0,"comment_status":"closed","ping_status":"closed","sticky":false,"template":"","format":"standard","meta":{"footnotes":""},"categories":[9],"tags":[],"class_list":["post-125","post","type-post","status-publish","format-standard","hentry","category-comunicate-de-presa"],"_links":{"self":[{"href":"https:\/\/www.anofm.ro\/olt\/wp-json\/wp\/v2\/posts\/125","targetHints":{"allow":["GET"]}}],"collection":[{"href":"https:\/\/www.anofm.ro\/olt\/wp-json\/wp\/v2\/posts"}],"about":[{"href":"https:\/\/www.anofm.ro\/olt\/wp-json\/wp\/v2\/types\/post"}],"replies":[{"embeddable":true,"href":"https:\/\/www.anofm.ro\/olt\/wp-json\/wp\/v2\/comments?post=125"}],"version-history":[{"count":0,"href":"https:\/\/www.anofm.ro\/olt\/wp-json\/wp\/v2\/posts\/125\/revisions"}],"wp:attachment":[{"href":"https:\/\/www.anofm.ro\/olt\/wp-json\/wp\/v2\/media?parent=125"}],"wp:term":[{"taxonomy":"category","embeddable":true,"href":"https:\/\/www.anofm.ro\/olt\/wp-json\/wp\/v2\/categories?post=125"},{"taxonomy":"post_tag","embeddable":true,"href":"https:\/\/www.anofm.ro\/olt\/wp-json\/wp\/v2\/tags?post=125"}],"curies":[{"name":"wp","href":"https:\/\/api.w.org\/{rel}","templated":true}]}}