{"id":92,"date":"2019-12-11T00:00:00","date_gmt":"2019-12-10T22:00:00","guid":{"rendered":"https:\/\/www.anofm.ro\/neamt\/program-decontari-decembrie-2019\/"},"modified":"2019-12-11T00:00:00","modified_gmt":"2019-12-10T22:00:00","slug":"program-decontari-decembrie-2019","status":"publish","type":"post","link":"https:\/\/www.anofm.ro\/neamt\/program-decontari-decembrie-2019\/","title":{"rendered":"Program decontari &#8211; decembrie 2019"},"content":{"rendered":"<\/p>\n<p style=\"text-align: center\"><b><font style=\"font-size: 20px\">ANUNT<\/font><\/b><\/p>\n<p style=\"font-size: 12px\">\n<\/p>\n<p style=\"text-align: justify\">Av\u00e2nd \u00een vedere programul special de decont\u0103ri prin unit\u0103\u0163ile de Trezorerie Public\u0103 \u00een luna decembrie 2019, <b>Agen\u0163ia Jude\u0163ean\u0103 pentru Ocuparea For\u0163ei de Munc\u0103 Neam\u0163<\/b> recomand\u0103 agen\u0163ilor economici s\u0103 depun\u0103 documentele justificative pentru efectuarea pl\u0103\u0163ilor p\u00e2n\u0103 la data de <b>18.12.2019<\/b>.<\/p>\n<\/p>\n<p style=\"text-align: center\"><b>Agen\u0163ia Jude\u0163ean\u0103 pentru Ocuparea For\u0163ei de Munc\u0103 Neam\u0163<\/b><\/p>\n<p style=\"text-align: center\">ureaz\u0103 tuturor colaboratorilor \u015fi partenerilor<\/p>\n<p style=\"text-align: center\"><font style=\"font-size: 16px\"><b><i>S\u0103rb\u0103tori fericite \u015fi La multi ani!<\/i><\/b><\/font><\/p>\n<p><\/p>\n<p style=\"text-align: center\">Director executiv<\/p>\n<p style=\"text-align: center\">Daniel CHIRIL\u0102<\/p><\/p>\n","protected":false},"excerpt":{"rendered":"<p>ANUNT Av\u00e2nd \u00een vedere programul special de decont\u0103ri prin unit\u0103\u0163ile de Trezorerie Public\u0103 \u00een luna decembrie 2019, Agen\u0163ia Jude\u0163ean\u0103 pentru Ocuparea For\u0163ei de Munc\u0103 Neam\u0163 recomand\u0103 agen\u0163ilor economici s\u0103 depun\u0103<\/p>\n","protected":false},"author":0,"featured_media":0,"comment_status":"closed","ping_status":"closed","sticky":false,"template":"","format":"standard","meta":{"footnotes":""},"categories":[4],"tags":[],"class_list":["post-92","post","type-post","status-publish","format-standard","hentry","category-anunturi-diverse"],"_links":{"self":[{"href":"https:\/\/www.anofm.ro\/neamt\/wp-json\/wp\/v2\/posts\/92","targetHints":{"allow":["GET"]}}],"collection":[{"href":"https:\/\/www.anofm.ro\/neamt\/wp-json\/wp\/v2\/posts"}],"about":[{"href":"https:\/\/www.anofm.ro\/neamt\/wp-json\/wp\/v2\/types\/post"}],"replies":[{"embeddable":true,"href":"https:\/\/www.anofm.ro\/neamt\/wp-json\/wp\/v2\/comments?post=92"}],"version-history":[{"count":0,"href":"https:\/\/www.anofm.ro\/neamt\/wp-json\/wp\/v2\/posts\/92\/revisions"}],"wp:attachment":[{"href":"https:\/\/www.anofm.ro\/neamt\/wp-json\/wp\/v2\/media?parent=92"}],"wp:term":[{"taxonomy":"category","embeddable":true,"href":"https:\/\/www.anofm.ro\/neamt\/wp-json\/wp\/v2\/categories?post=92"},{"taxonomy":"post_tag","embeddable":true,"href":"https:\/\/www.anofm.ro\/neamt\/wp-json\/wp\/v2\/tags?post=92"}],"curies":[{"name":"wp","href":"https:\/\/api.w.org\/{rel}","templated":true}]}}