{"id":90,"date":"2019-12-09T00:00:00","date_gmt":"2019-12-08T22:00:00","guid":{"rendered":"https:\/\/www.anofm.ro\/neamt\/10-decembrie-ziua-anofm\/"},"modified":"2019-12-09T00:00:00","modified_gmt":"2019-12-08T22:00:00","slug":"10-decembrie-ziua-anofm","status":"publish","type":"post","link":"https:\/\/www.anofm.ro\/neamt\/10-decembrie-ziua-anofm\/","title":{"rendered":"10 decembrie &#8211; ziua ANOFM"},"content":{"rendered":"<p><span style=\"font-size: 11pt;line-height: 115%;font-family:\"><\/p>\n<p><a target=\"_blank\" href=\"\/upload\/9807\/10_decembrie_2019_Ziua_ANOFM.pdf\" rel=\"noopener\"><span style=\"font-size: 11pt;line-height: 115%;font-family:\">Age<\/span><span lang=\"RO\" style=\"font-size: 11pt;line-height: 115%;font-family:\">n\u0163ia<br \/>\nNa\u0163ional\u0103 pentru Ocuparea For\u0163ei de Munc\u0103 aniverseaz\u0103 21 de ani de activitate<\/span><\/a><\/p>\n<p><\/span><\/p>\n","protected":false},"excerpt":{"rendered":"<p>Agen\u0163ia Na\u0163ional\u0103 pentru Ocuparea For\u0163ei de Munc\u0103 aniverseaz\u0103 21 de ani de activitate<\/p>\n","protected":false},"author":0,"featured_media":0,"comment_status":"closed","ping_status":"closed","sticky":false,"template":"","format":"standard","meta":{"footnotes":""},"categories":[9],"tags":[],"class_list":["post-90","post","type-post","status-publish","format-standard","hentry","category-comunicate-de-presa"],"_links":{"self":[{"href":"https:\/\/www.anofm.ro\/neamt\/wp-json\/wp\/v2\/posts\/90","targetHints":{"allow":["GET"]}}],"collection":[{"href":"https:\/\/www.anofm.ro\/neamt\/wp-json\/wp\/v2\/posts"}],"about":[{"href":"https:\/\/www.anofm.ro\/neamt\/wp-json\/wp\/v2\/types\/post"}],"replies":[{"embeddable":true,"href":"https:\/\/www.anofm.ro\/neamt\/wp-json\/wp\/v2\/comments?post=90"}],"version-history":[{"count":0,"href":"https:\/\/www.anofm.ro\/neamt\/wp-json\/wp\/v2\/posts\/90\/revisions"}],"wp:attachment":[{"href":"https:\/\/www.anofm.ro\/neamt\/wp-json\/wp\/v2\/media?parent=90"}],"wp:term":[{"taxonomy":"category","embeddable":true,"href":"https:\/\/www.anofm.ro\/neamt\/wp-json\/wp\/v2\/categories?post=90"},{"taxonomy":"post_tag","embeddable":true,"href":"https:\/\/www.anofm.ro\/neamt\/wp-json\/wp\/v2\/tags?post=90"}],"curies":[{"name":"wp","href":"https:\/\/api.w.org\/{rel}","templated":true}]}}