{"id":68,"date":"2019-06-24T00:00:00","date_gmt":"2019-06-23T21:00:00","guid":{"rendered":"https:\/\/www.anofm.ro\/neamt\/comunicat-de-presa-stimulente-pentru-angajarea-elevilor-si-studentilor-pe-perioada-vacantei\/"},"modified":"2019-06-24T00:00:00","modified_gmt":"2019-06-23T21:00:00","slug":"comunicat-de-presa-stimulente-pentru-angajarea-elevilor-si-studentilor-pe-perioada-vacantei","status":"publish","type":"post","link":"https:\/\/www.anofm.ro\/neamt\/comunicat-de-presa-stimulente-pentru-angajarea-elevilor-si-studentilor-pe-perioada-vacantei\/","title":{"rendered":"Comunicat de pres\u0103 &#8211; Stimulente pentru angajarea elevilor \u015fi studen\u0163ilor pe perioada vacan\u0163ei"},"content":{"rendered":"<p><a target=\"_blank\" href=\"\/upload\/7246\/Comunicat_angajare_elevi.PDF\" rel=\"noopener\">Comunicat de pres\u0103 &#8211; Stimulente pentru angajarea elevilor \u015fi studen\u0163ilor pe perioada vacan\u0163ei<\/a><\/p>\n","protected":false},"excerpt":{"rendered":"<p>Comunicat de pres\u0103 &#8211; Stimulente pentru angajarea elevilor \u015fi studen\u0163ilor pe perioada vacan\u0163ei<\/p>\n","protected":false},"author":0,"featured_media":0,"comment_status":"closed","ping_status":"closed","sticky":false,"template":"","format":"standard","meta":{"footnotes":""},"categories":[9],"tags":[],"class_list":["post-68","post","type-post","status-publish","format-standard","hentry","category-comunicate-de-presa"],"_links":{"self":[{"href":"https:\/\/www.anofm.ro\/neamt\/wp-json\/wp\/v2\/posts\/68","targetHints":{"allow":["GET"]}}],"collection":[{"href":"https:\/\/www.anofm.ro\/neamt\/wp-json\/wp\/v2\/posts"}],"about":[{"href":"https:\/\/www.anofm.ro\/neamt\/wp-json\/wp\/v2\/types\/post"}],"replies":[{"embeddable":true,"href":"https:\/\/www.anofm.ro\/neamt\/wp-json\/wp\/v2\/comments?post=68"}],"version-history":[{"count":0,"href":"https:\/\/www.anofm.ro\/neamt\/wp-json\/wp\/v2\/posts\/68\/revisions"}],"wp:attachment":[{"href":"https:\/\/www.anofm.ro\/neamt\/wp-json\/wp\/v2\/media?parent=68"}],"wp:term":[{"taxonomy":"category","embeddable":true,"href":"https:\/\/www.anofm.ro\/neamt\/wp-json\/wp\/v2\/categories?post=68"},{"taxonomy":"post_tag","embeddable":true,"href":"https:\/\/www.anofm.ro\/neamt\/wp-json\/wp\/v2\/tags?post=68"}],"curies":[{"name":"wp","href":"https:\/\/api.w.org\/{rel}","templated":true}]}}